{"id":331584,"date":"2024-06-13T13:32:00","date_gmt":"2024-06-13T10:32:00","guid":{"rendered":"https:\/\/sana.sy\/es\/?p=331584"},"modified":"2024-06-13T13:32:00","modified_gmt":"2024-06-13T10:32:00","slug":"fuerzas-yemenies-atacan-un-buque-vinculado-con-israel-en-el-mar-rojo","status":"publish","type":"post","link":"https:\/\/archive.sana.sy\/es\/?p=331584","title":{"rendered":"Fuerzas yemen\u00edes atacan un buque vinculado con Israel en el Mar Rojo"},"content":{"rendered":"<p style=\"text-align: justify;\"><span style=\"color: #800000;\"><strong>San\u00e1, 13 jun (SANA)<\/strong>\u00a0 \u00a0<\/span> Las Fuerzas Armadas de Yemen llevaron a cabo este jueves una operaci\u00f3n militar contra un buque en el Mar Rojo empleando una embarcaci\u00f3n no tripulada, varios drones y misiles bal\u00edsticos.<\/p>\n<p style=\"text-align: justify;\">De acuerdo con el portavoz de las Fuerzas Armadas yemen\u00edes, la operaci\u00f3n apunt\u00f3 contra el barco TU-T-OR porque la empresa propietaria del barco viol\u00f3 la decisi\u00f3n de prohibir la entrada a los puertos israel\u00edes.<\/p>\n<p style=\"text-align: justify;\">Aclar\u00f3 que la operaci\u00f3n provoc\u00f3 da\u00f1os graves en el barco.<\/p>\n<p style=\"text-align: justify;\">Estas operaciones militares se llevan a cabo en apoyo al pueblo palestino y en respuesta a los cr\u00edmenes cometidos por el ocupante israel\u00ed contra los palestinos en la Franja de Gaza.<\/p>\n<p>ed\/fm<\/p>\n","protected":false},"excerpt":{"rendered":"<p>San\u00e1, 13 jun (SANA)\u00a0 \u00a0 Las Fuerzas Armadas de Yemen llevaron a cabo este jueves una operaci\u00f3n militar contra un buque en el Mar Rojo empleando una embarcaci\u00f3n no tripulada, varios drones y misiles bal\u00edsticos. De acuerdo con el portavoz de las Fuerzas Armadas yemen\u00edes, la operaci\u00f3n apunt\u00f3 contra el barco TU-T-OR porque la empresa &hellip;<\/p>\n","protected":false},"author":32,"featured_media":331585,"comment_status":"closed","ping_status":"closed","sticky":false,"template":"","format":"standard","meta":{"footnotes":""},"categories":[597,456,20724,7541],"tags":[],"class_list":["post-331584","post","type-post","status-publish","format-standard","has-post-thumbnail","","category-cinta-de-noticias","category-arabe-internacional-politica","category-minuto-a-minuto","category-ultimas-noticias"],"_links":{"self":[{"href":"https:\/\/archive.sana.sy\/es\/index.php?rest_route=\/wp\/v2\/posts\/331584"}],"collection":[{"href":"https:\/\/archive.sana.sy\/es\/index.php?rest_route=\/wp\/v2\/posts"}],"about":[{"href":"https:\/\/archive.sana.sy\/es\/index.php?rest_route=\/wp\/v2\/types\/post"}],"author":[{"embeddable":true,"href":"https:\/\/archive.sana.sy\/es\/index.php?rest_route=\/wp\/v2\/users\/32"}],"replies":[{"embeddable":true,"href":"https:\/\/archive.sana.sy\/es\/index.php?rest_route=%2Fwp%2Fv2%2Fcomments&post=331584"}],"version-history":[{"count":1,"href":"https:\/\/archive.sana.sy\/es\/index.php?rest_route=\/wp\/v2\/posts\/331584\/revisions"}],"predecessor-version":[{"id":331586,"href":"https:\/\/archive.sana.sy\/es\/index.php?rest_route=\/wp\/v2\/posts\/331584\/revisions\/331586"}],"wp:featuredmedia":[{"embeddable":true,"href":"https:\/\/archive.sana.sy\/es\/index.php?rest_route=\/wp\/v2\/media\/331585"}],"wp:attachment":[{"href":"https:\/\/archive.sana.sy\/es\/index.php?rest_route=%2Fwp%2Fv2%2Fmedia&parent=331584"}],"wp:term":[{"taxonomy":"category","embeddable":true,"href":"https:\/\/archive.sana.sy\/es\/index.php?rest_route=%2Fwp%2Fv2%2Fcategories&post=331584"},{"taxonomy":"post_tag","embeddable":true,"href":"https:\/\/archive.sana.sy\/es\/index.php?rest_route=%2Fwp%2Fv2%2Ftags&post=331584"}],"curies":[{"name":"wp","href":"https:\/\/api.w.org\/{rel}","templated":true}]}}