{"id":331590,"date":"2024-06-13T15:02:40","date_gmt":"2024-06-13T12:02:40","guid":{"rendered":"https:\/\/sana.sy\/es\/?p=331590"},"modified":"2024-08-29T11:07:48","modified_gmt":"2024-08-29T08:07:48","slug":"reportan-muertos-y-heridos-entre-palestinos-en-el-dia-251-de-la-agresion-israeli-contra-gaza","status":"publish","type":"post","link":"https:\/\/archive.sana.sy\/es\/?p=331590","title":{"rendered":"Reportan muertos y heridos entre palestinos en el d\u00eda 251 de la agresi\u00f3n israel\u00ed contra Gaza"},"content":{"rendered":"<p style=\"text-align: justify;\"><span style=\"color: #800000;\"><strong>Jerusal\u00e9n ocupada, 13 jun (SANA)<\/strong> <\/span>Las fuerzas de ocupaci\u00f3n israel\u00edes contin\u00faan por 251 d\u00eda consecutivo sus brutales bombardeos por tierra, mar y aire contra la Franja de Gaza.<\/p>\n<p style=\"text-align: justify;\">Los medios de prensa palestinos informaron que los equipos m\u00e9dicos recuperaron los cuerpos de tres muertos y evacuaron a los heridos, en su mayor\u00eda son ni\u00f1os, tras un bombardeo israel\u00ed contra una casa en el campo de Nuseirat en el centro de la Franja de Gaza.<\/p>\n<p style=\"text-align: justify;\">Al mismo tiempo, un palestino muri\u00f3 y otros resultaron heridos como resultado del bombardeo de la ocupaci\u00f3n en la calle Al-Rashid en el \u00e1rea de Al-Mina, al oeste de Gaza.<\/p>\n<p style=\"text-align: justify;\">Tambi\u00e9n, aviones no tripulados israel\u00edes bombardearon viviendas en los barrios de Al-Shujaiya y Al-Zatoun en la ciudad de Gaza, lo que provoc\u00f3 la muerte de varios civiles y lesiones a otras.<\/p>\n<p style=\"text-align: justify;\">El Ministerio de Salud palestino anunci\u00f3 que el n\u00famero de v\u00edctimas de la agresi\u00f3n israel\u00ed contra Gaza desde su inicio el 7 de octubre pasado, ascendi\u00f3 a 37.202 muertos y 84.932 heridos.<\/p>\n<p>ed\/fm<\/p>\n","protected":false},"excerpt":{"rendered":"<p>Jerusal\u00e9n ocupada, 13 jun (SANA) Las fuerzas de ocupaci\u00f3n israel\u00edes contin\u00faan por 251 d\u00eda consecutivo sus brutales bombardeos por tierra, mar y aire contra la Franja de Gaza. Los medios de prensa palestinos informaron que los equipos m\u00e9dicos recuperaron los cuerpos de tres muertos y evacuaron a los heridos, en su mayor\u00eda son ni\u00f1os, tras &hellip;<\/p>\n","protected":false},"author":32,"featured_media":331591,"comment_status":"closed","ping_status":"closed","sticky":false,"template":"","format":"standard","meta":{"footnotes":""},"categories":[597,456,20724,583],"tags":[],"class_list":["post-331590","post","type-post","status-publish","format-standard","has-post-thumbnail","","category-cinta-de-noticias","category-arabe-internacional-politica","category-minuto-a-minuto","category-slide"],"_links":{"self":[{"href":"https:\/\/archive.sana.sy\/es\/index.php?rest_route=\/wp\/v2\/posts\/331590"}],"collection":[{"href":"https:\/\/archive.sana.sy\/es\/index.php?rest_route=\/wp\/v2\/posts"}],"about":[{"href":"https:\/\/archive.sana.sy\/es\/index.php?rest_route=\/wp\/v2\/types\/post"}],"author":[{"embeddable":true,"href":"https:\/\/archive.sana.sy\/es\/index.php?rest_route=\/wp\/v2\/users\/32"}],"replies":[{"embeddable":true,"href":"https:\/\/archive.sana.sy\/es\/index.php?rest_route=%2Fwp%2Fv2%2Fcomments&post=331590"}],"version-history":[{"count":2,"href":"https:\/\/archive.sana.sy\/es\/index.php?rest_route=\/wp\/v2\/posts\/331590\/revisions"}],"predecessor-version":[{"id":336916,"href":"https:\/\/archive.sana.sy\/es\/index.php?rest_route=\/wp\/v2\/posts\/331590\/revisions\/336916"}],"wp:featuredmedia":[{"embeddable":true,"href":"https:\/\/archive.sana.sy\/es\/index.php?rest_route=\/wp\/v2\/media\/331591"}],"wp:attachment":[{"href":"https:\/\/archive.sana.sy\/es\/index.php?rest_route=%2Fwp%2Fv2%2Fmedia&parent=331590"}],"wp:term":[{"taxonomy":"category","embeddable":true,"href":"https:\/\/archive.sana.sy\/es\/index.php?rest_route=%2Fwp%2Fv2%2Fcategories&post=331590"},{"taxonomy":"post_tag","embeddable":true,"href":"https:\/\/archive.sana.sy\/es\/index.php?rest_route=%2Fwp%2Fv2%2Ftags&post=331590"}],"curies":[{"name":"wp","href":"https:\/\/api.w.org\/{rel}","templated":true}]}}