{"id":331597,"date":"2024-06-13T16:30:41","date_gmt":"2024-06-13T13:30:41","guid":{"rendered":"https:\/\/sana.sy\/es\/?p=331597"},"modified":"2024-06-13T16:34:01","modified_gmt":"2024-06-13T13:34:01","slug":"kiev-pierde-a-mas-de-1900-de-sus-militares-en-acciones-rusas-durante-el-ultimo-dia","status":"publish","type":"post","link":"https:\/\/archive.sana.sy\/es\/?p=331597","title":{"rendered":"Kiev pierde a m\u00e1s de 1900 de sus militares en acciones rusas durante el \u00faltimo d\u00eda"},"content":{"rendered":"<p style=\"text-align: justify;\"><span style=\"color: #800000;\"><strong>Mosc\u00fa, 13 jun (SANA)<\/strong><\/span>\u00a0 El Ministerio de Defensa de Rusia ofreci\u00f3 hoy su informe diario sobre la operaci\u00f3n militar especial para este 13 de junio y asegur\u00f3 que en la zona de operaciones del grupo Norte en la regi\u00f3n de J\u00e1rkov, las bajas del Ej\u00e9rcito ucraniano ascendieron hasta 305 militares, un ob\u00fas M777, un ca\u00f1\u00f3n D-20, as\u00ed como un veh\u00edculo de combate BM-21 Grad.<\/p>\n<p style=\"text-align: justify;\">Como resultado de las acciones de los grupos Oeste y Sur, Kiev perdi\u00f3 hasta 1.085 efectivos, 2 camionetas, un ob\u00fas M777, tres ca\u00f1ones D-20, un sistema de artiller\u00eda autopropulsada 2S1 Gvozdika, una estaci\u00f3n de lucha radioelectr\u00f3nica Nota, as\u00ed como 2 dep\u00f3sitos de municiones de campa\u00f1a.<\/p>\n<p style=\"text-align: justify;\">Tambi\u00e9n fueron destruidos 2 veh\u00edculos blindados de combate, 6 autom\u00f3viles, un ob\u00fas FH-70, 2 obuses D-30 y 7 dep\u00f3sitos de municiones.<\/p>\n<p style=\"text-align: justify;\">En el \u00e1rea de operaciones del grupo Centro en la RPD, Kiev perdi\u00f3 hasta 345 efectivos, un veh\u00edculo blindado de combate MaxxPro, 6 obuses y un veh\u00edculo de combate de lanzamisiles m\u00faltiple BM-21 Grad.<\/p>\n<p style=\"text-align: justify;\">En los frentes Este y Dnepr, las p\u00e9rdidas de tropas ucranianas fueron de hasta 255 militares, 2 veh\u00edculos de combate de infanter\u00eda, 3 autom\u00f3viles, as\u00ed como un ob\u00fas M198, un ob\u00fas D-20, un ca\u00f1\u00f3n D-30 y una estaci\u00f3n de lucha radioelectr\u00f3nica Bukovel-AD.<\/p>\n<p style=\"text-align: justify;\">Asimismo, los sistemas rusos de defensa antia\u00e9rea derribaron 33 drones y 4 proyectiles de los sistemas Vampire y HIMARS.<\/p>\n<p style=\"text-align: justify;\">fm\/ed<\/p>\n","protected":false},"excerpt":{"rendered":"<p>Mosc\u00fa, 13 jun (SANA)\u00a0 El Ministerio de Defensa de Rusia ofreci\u00f3 hoy su informe diario sobre la operaci\u00f3n militar especial para este 13 de junio y asegur\u00f3 que en la zona de operaciones del grupo Norte en la regi\u00f3n de J\u00e1rkov, las bajas del Ej\u00e9rcito ucraniano ascendieron hasta 305 militares, un ob\u00fas M777, un ca\u00f1\u00f3n &hellip;<\/p>\n","protected":false},"author":32,"featured_media":331599,"comment_status":"closed","ping_status":"closed","sticky":false,"template":"","format":"standard","meta":{"footnotes":""},"categories":[597,456,20724,583,1],"tags":[],"class_list":["post-331597","post","type-post","status-publish","format-standard","has-post-thumbnail","","category-cinta-de-noticias","category-arabe-internacional-politica","category-minuto-a-minuto","category-slide","category-news-not-sorted"],"_links":{"self":[{"href":"https:\/\/archive.sana.sy\/es\/index.php?rest_route=\/wp\/v2\/posts\/331597"}],"collection":[{"href":"https:\/\/archive.sana.sy\/es\/index.php?rest_route=\/wp\/v2\/posts"}],"about":[{"href":"https:\/\/archive.sana.sy\/es\/index.php?rest_route=\/wp\/v2\/types\/post"}],"author":[{"embeddable":true,"href":"https:\/\/archive.sana.sy\/es\/index.php?rest_route=\/wp\/v2\/users\/32"}],"replies":[{"embeddable":true,"href":"https:\/\/archive.sana.sy\/es\/index.php?rest_route=%2Fwp%2Fv2%2Fcomments&post=331597"}],"version-history":[{"count":1,"href":"https:\/\/archive.sana.sy\/es\/index.php?rest_route=\/wp\/v2\/posts\/331597\/revisions"}],"predecessor-version":[{"id":331598,"href":"https:\/\/archive.sana.sy\/es\/index.php?rest_route=\/wp\/v2\/posts\/331597\/revisions\/331598"}],"wp:featuredmedia":[{"embeddable":true,"href":"https:\/\/archive.sana.sy\/es\/index.php?rest_route=\/wp\/v2\/media\/331599"}],"wp:attachment":[{"href":"https:\/\/archive.sana.sy\/es\/index.php?rest_route=%2Fwp%2Fv2%2Fmedia&parent=331597"}],"wp:term":[{"taxonomy":"category","embeddable":true,"href":"https:\/\/archive.sana.sy\/es\/index.php?rest_route=%2Fwp%2Fv2%2Fcategories&post=331597"},{"taxonomy":"post_tag","embeddable":true,"href":"https:\/\/archive.sana.sy\/es\/index.php?rest_route=%2Fwp%2Fv2%2Ftags&post=331597"}],"curies":[{"name":"wp","href":"https:\/\/api.w.org\/{rel}","templated":true}]}}