{"id":331724,"date":"2024-06-15T17:42:15","date_gmt":"2024-06-15T14:42:15","guid":{"rendered":"https:\/\/sana.sy\/es\/?p=331724"},"modified":"2024-06-15T17:43:07","modified_gmt":"2024-06-15T14:43:07","slug":"cifra-de-martires-por-la-brutal-agresion-israeli-contra-gaza-aumenta-a-37-297","status":"publish","type":"post","link":"https:\/\/archive.sana.sy\/es\/?p=331724","title":{"rendered":"Cifra de m\u00e1rtires por la brutal agresi\u00f3n israel\u00ed contra Gaza aumenta a 37.297"},"content":{"rendered":"<p style=\"text-align: justify\"><span style=\"color: #800000\"><strong>Jerusal\u00e9n ocupada, 15 jun (SANA)<\/strong> <\/span>El Ministerio de Salud palestino anunci\u00f3 que las fuerzas israel\u00edes ocupantes cometieron, durante las \u00faltimas 24 horas, tres masacres en la Franja de Gaza, las cuales se cobraron la vida de 30 m\u00e1rtires y dejaron 95 heridos.<\/p>\n<p style=\"text-align: justify\">En un comunicado, el Ministerio precis\u00f3 que el n\u00famero de v\u00edctimas de la continua agresi\u00f3n israel\u00ed contra el enclave ascendi\u00f3 a 37.296 m\u00e1rtires y 85.197 lesionados.<\/p>\n<p style=\"text-align: justify\">Aclar\u00f3 que este balance no incluye a las v\u00edctimas que se encentran por \u00a0debajo los escombros y en las carreteras inaccesibles por los equipos de ambulancia y seguridad civil.<\/p>\n<p style=\"text-align: justify\">Hoy, decenas de palestinos fueron asesinados y otros 50 resultaron heridos en bombardeos de la aviaci\u00f3n israel\u00ed contra tres casas en los barrios de Al-Shuja\u2019iya y Al-Tuffah, en el este de la ciudad de Gaza.<\/p>\n<p style=\"text-align: justify\">Los equipos m\u00e9dicos tambi\u00e9n recuperaron los cuerpos de nueve m\u00e1rtires de diversas zonas de la ciudad de Rafah, al sur de la Franja de Gaza.<\/p>\n<p style=\"text-align: justify\">la<\/p>\n","protected":false},"excerpt":{"rendered":"<p>Jerusal\u00e9n ocupada, 15 jun (SANA) El Ministerio de Salud palestino anunci\u00f3 que las fuerzas israel\u00edes ocupantes cometieron, durante las \u00faltimas 24 horas, tres masacres en la Franja de Gaza, las cuales se cobraron la vida de 30 m\u00e1rtires y dejaron 95 heridos. En un comunicado, el Ministerio precis\u00f3 que el n\u00famero de v\u00edctimas de la &hellip;<\/p>\n","protected":false},"author":24,"featured_media":331725,"comment_status":"closed","ping_status":"closed","sticky":false,"template":"","format":"standard","meta":{"footnotes":""},"categories":[597,456,20724,583],"tags":[],"class_list":["post-331724","post","type-post","status-publish","format-standard","has-post-thumbnail","","category-cinta-de-noticias","category-arabe-internacional-politica","category-minuto-a-minuto","category-slide"],"_links":{"self":[{"href":"https:\/\/archive.sana.sy\/es\/index.php?rest_route=\/wp\/v2\/posts\/331724"}],"collection":[{"href":"https:\/\/archive.sana.sy\/es\/index.php?rest_route=\/wp\/v2\/posts"}],"about":[{"href":"https:\/\/archive.sana.sy\/es\/index.php?rest_route=\/wp\/v2\/types\/post"}],"author":[{"embeddable":true,"href":"https:\/\/archive.sana.sy\/es\/index.php?rest_route=\/wp\/v2\/users\/24"}],"replies":[{"embeddable":true,"href":"https:\/\/archive.sana.sy\/es\/index.php?rest_route=%2Fwp%2Fv2%2Fcomments&post=331724"}],"version-history":[{"count":2,"href":"https:\/\/archive.sana.sy\/es\/index.php?rest_route=\/wp\/v2\/posts\/331724\/revisions"}],"predecessor-version":[{"id":331727,"href":"https:\/\/archive.sana.sy\/es\/index.php?rest_route=\/wp\/v2\/posts\/331724\/revisions\/331727"}],"wp:featuredmedia":[{"embeddable":true,"href":"https:\/\/archive.sana.sy\/es\/index.php?rest_route=\/wp\/v2\/media\/331725"}],"wp:attachment":[{"href":"https:\/\/archive.sana.sy\/es\/index.php?rest_route=%2Fwp%2Fv2%2Fmedia&parent=331724"}],"wp:term":[{"taxonomy":"category","embeddable":true,"href":"https:\/\/archive.sana.sy\/es\/index.php?rest_route=%2Fwp%2Fv2%2Fcategories&post=331724"},{"taxonomy":"post_tag","embeddable":true,"href":"https:\/\/archive.sana.sy\/es\/index.php?rest_route=%2Fwp%2Fv2%2Ftags&post=331724"}],"curies":[{"name":"wp","href":"https:\/\/api.w.org\/{rel}","templated":true}]}}