{"id":331732,"date":"2024-06-15T18:29:29","date_gmt":"2024-06-15T15:29:29","guid":{"rendered":"https:\/\/sana.sy\/es\/?p=331732"},"modified":"2024-06-15T18:29:29","modified_gmt":"2024-06-15T15:29:29","slug":"resistencia-libanesa-ataca-con-enjambre-de-drones-un-cuartel-general-israeli-en-el-territorio-ocupado","status":"publish","type":"post","link":"https:\/\/archive.sana.sy\/es\/?p=331732","title":{"rendered":"Resistencia libanesa ataca con enjambre de drones un cuartel general israel\u00ed en el territorio ocupado"},"content":{"rendered":"<p style=\"text-align: justify\"><span style=\"color: #800000\"><strong>Beirut, 15 jun (SANA)<\/strong><\/span> La Resistencia Libanesa anunci\u00f3 haber atacado varios sitios y bases del enemigo israel\u00ed en los territorios ocupados.<\/p>\n<p style=\"text-align: justify\">\u00a0En una declaraci\u00f3n precis\u00f3 que sus combatientes lanzaron un ataque con enjambres de drones contra la base israel\u00ed de Khirbet Ma&#8217;ar, cuartel general del batall\u00f3n de artiller\u00eda de la brigada del oeste.<\/p>\n<p style=\"text-align: justify\">El ataque caus\u00f3 la destrucci\u00f3n de una parte del mismo, y dej\u00f3 a los militares israel\u00edes que se encontraban adentro entre muertos y heridos, precis\u00f3 la declaraci\u00f3n.<\/p>\n<p style=\"text-align: justify\">La operaci\u00f3n se llev\u00f3 a cabo \u200f\u201cEn apoyo a nuestro firme pueblo palestino en la Franja de Gaza y en apoyo a su valiente resistencia, y en el marco de la respuesta al ataque y asesinato llevado a cabo por el enemigo en la ciudad de Joya\u201d, enfatiz\u00f3.<\/p>\n<p style=\"text-align: justify\">La Resistencia inform\u00f3 tambi\u00e9n haber alcanzado con misiles guiados al cuartel general de la Unidad de Supervisi\u00f3n A\u00e9rea y el Departamento de Operaciones A\u00e9reas en la base de Meron, causando la destrucci\u00f3n de una parte de sus equipos y radares.<\/p>\n<p style=\"text-align: justify\">En otra operaci\u00f3n, los combatientes libaneses impactaron con un misil guiado una posici\u00f3n israel\u00ed en el sitio de Hadab Yaron, logrando infligir bajas entre las filas de los soldados enemigos.<\/p>\n<p style=\"text-align: justify\">la<\/p>\n","protected":false},"excerpt":{"rendered":"<p>Beirut, 15 jun (SANA) La Resistencia Libanesa anunci\u00f3 haber atacado varios sitios y bases del enemigo israel\u00ed en los territorios ocupados. \u00a0En una declaraci\u00f3n precis\u00f3 que sus combatientes lanzaron un ataque con enjambres de drones contra la base israel\u00ed de Khirbet Ma&#8217;ar, cuartel general del batall\u00f3n de artiller\u00eda de la brigada del oeste. El ataque &hellip;<\/p>\n","protected":false},"author":24,"featured_media":331733,"comment_status":"closed","ping_status":"closed","sticky":false,"template":"","format":"standard","meta":{"footnotes":""},"categories":[597,456,20724,7541],"tags":[],"class_list":["post-331732","post","type-post","status-publish","format-standard","has-post-thumbnail","","category-cinta-de-noticias","category-arabe-internacional-politica","category-minuto-a-minuto","category-ultimas-noticias"],"_links":{"self":[{"href":"https:\/\/archive.sana.sy\/es\/index.php?rest_route=\/wp\/v2\/posts\/331732"}],"collection":[{"href":"https:\/\/archive.sana.sy\/es\/index.php?rest_route=\/wp\/v2\/posts"}],"about":[{"href":"https:\/\/archive.sana.sy\/es\/index.php?rest_route=\/wp\/v2\/types\/post"}],"author":[{"embeddable":true,"href":"https:\/\/archive.sana.sy\/es\/index.php?rest_route=\/wp\/v2\/users\/24"}],"replies":[{"embeddable":true,"href":"https:\/\/archive.sana.sy\/es\/index.php?rest_route=%2Fwp%2Fv2%2Fcomments&post=331732"}],"version-history":[{"count":1,"href":"https:\/\/archive.sana.sy\/es\/index.php?rest_route=\/wp\/v2\/posts\/331732\/revisions"}],"predecessor-version":[{"id":331734,"href":"https:\/\/archive.sana.sy\/es\/index.php?rest_route=\/wp\/v2\/posts\/331732\/revisions\/331734"}],"wp:featuredmedia":[{"embeddable":true,"href":"https:\/\/archive.sana.sy\/es\/index.php?rest_route=\/wp\/v2\/media\/331733"}],"wp:attachment":[{"href":"https:\/\/archive.sana.sy\/es\/index.php?rest_route=%2Fwp%2Fv2%2Fmedia&parent=331732"}],"wp:term":[{"taxonomy":"category","embeddable":true,"href":"https:\/\/archive.sana.sy\/es\/index.php?rest_route=%2Fwp%2Fv2%2Fcategories&post=331732"},{"taxonomy":"post_tag","embeddable":true,"href":"https:\/\/archive.sana.sy\/es\/index.php?rest_route=%2Fwp%2Fv2%2Ftags&post=331732"}],"curies":[{"name":"wp","href":"https:\/\/api.w.org\/{rel}","templated":true}]}}