{"id":331735,"date":"2024-06-15T19:03:52","date_gmt":"2024-06-15T16:03:52","guid":{"rendered":"https:\/\/sana.sy\/es\/?p=331735"},"modified":"2024-06-15T19:03:52","modified_gmt":"2024-06-15T16:03:52","slug":"presidente-de-colombia-cancela-participacion-en-cumbre-de-suiza-sobre-ucrania-y-reitera-su-apoyo-a-gaza","status":"publish","type":"post","link":"https:\/\/archive.sana.sy\/es\/?p=331735","title":{"rendered":"Presidente de Colombia cancela participaci\u00f3n en Cumbre de Suiza sobre Ucrania y reitera su apoyo a Gaza"},"content":{"rendered":"<blockquote><p><span style=\"color: #800000\">&#8220;Suspendo mi viaje a la reuni\u00f3n de Suiza y le pido a Europa debatir los caminos para acortar la guerra y no para extenderla&#8221;<\/span><\/p><\/blockquote>\n<p style=\"text-align: justify\"><span style=\"color: #800000\"><strong>Bogot\u00e1, 15 jun (SANA)<\/strong><\/span> El presidente de Colombia, Gustavo Petro, anunci\u00f3 haber suspendido su asistencia a la supuesta Conferencia de Paz sobre Ucrania que se realizar\u00e1 durante este fin de semana en la ciudad suiza Z\u00farich.<\/p>\n<p style=\"text-align: justify\">\u201cSuspendo mi viaje a la reuni\u00f3n de Suiza y le pido a Europa debatir los caminos para acortar la guerra y no para extenderla\u201d, coment\u00f3 el mandatario en su cuenta X.<\/p>\n<p style=\"text-align: justify\">Explic\u00f3 que \u201cEl escenario del foro de Suiza no es un foro libre para discutir los caminos de la paz entre Rusia y Ucrania. Sus conclusiones ya est\u00e1n predeterminadas\u201d.<\/p>\n<p style=\"text-align: justify\">Asimismo enfatiz\u00f3 que esta cumbre \u201cb\u00e1sicamente es un alinderamiento al lado de la guerra y nosotros no estamos de acuerdo con eso&#8221;.<\/p>\n<p style=\"text-align: justify\">Confirm\u00f3 que su gobierno har\u00e1 todo lo posible \u201cpara construir el dialogo y la paz entre Rusia y Ucrania y para detener el genocidio sobre el pueblo palestino\u201d.<\/p>\n<p style=\"text-align: justify\">El jefe del Estado colombiano se\u00f1al\u00f3 que la constituci\u00f3n de \u201cbloques de pa\u00edses para la guerra\u201d no servir\u00e1 para nada, destacando la necesidad de restablecer y profundizar el derecho internacional.<\/p>\n<p style=\"text-align: justify\">\nla<\/p>\n<p style=\"text-align: justify\">\n","protected":false},"excerpt":{"rendered":"<p>&#8220;Suspendo mi viaje a la reuni\u00f3n de Suiza y le pido a Europa debatir los caminos para acortar la guerra y no para extenderla&#8221; Bogot\u00e1, 15 jun (SANA) El presidente de Colombia, Gustavo Petro, anunci\u00f3 haber suspendido su asistencia a la supuesta Conferencia de Paz sobre Ucrania que se realizar\u00e1 durante este fin de semana &hellip;<\/p>\n","protected":false},"author":24,"featured_media":331736,"comment_status":"closed","ping_status":"closed","sticky":false,"template":"","format":"standard","meta":{"footnotes":""},"categories":[597,456,20724,7541],"tags":[],"class_list":["post-331735","post","type-post","status-publish","format-standard","has-post-thumbnail","","category-cinta-de-noticias","category-arabe-internacional-politica","category-minuto-a-minuto","category-ultimas-noticias"],"_links":{"self":[{"href":"https:\/\/archive.sana.sy\/es\/index.php?rest_route=\/wp\/v2\/posts\/331735"}],"collection":[{"href":"https:\/\/archive.sana.sy\/es\/index.php?rest_route=\/wp\/v2\/posts"}],"about":[{"href":"https:\/\/archive.sana.sy\/es\/index.php?rest_route=\/wp\/v2\/types\/post"}],"author":[{"embeddable":true,"href":"https:\/\/archive.sana.sy\/es\/index.php?rest_route=\/wp\/v2\/users\/24"}],"replies":[{"embeddable":true,"href":"https:\/\/archive.sana.sy\/es\/index.php?rest_route=%2Fwp%2Fv2%2Fcomments&post=331735"}],"version-history":[{"count":1,"href":"https:\/\/archive.sana.sy\/es\/index.php?rest_route=\/wp\/v2\/posts\/331735\/revisions"}],"predecessor-version":[{"id":331737,"href":"https:\/\/archive.sana.sy\/es\/index.php?rest_route=\/wp\/v2\/posts\/331735\/revisions\/331737"}],"wp:featuredmedia":[{"embeddable":true,"href":"https:\/\/archive.sana.sy\/es\/index.php?rest_route=\/wp\/v2\/media\/331736"}],"wp:attachment":[{"href":"https:\/\/archive.sana.sy\/es\/index.php?rest_route=%2Fwp%2Fv2%2Fmedia&parent=331735"}],"wp:term":[{"taxonomy":"category","embeddable":true,"href":"https:\/\/archive.sana.sy\/es\/index.php?rest_route=%2Fwp%2Fv2%2Fcategories&post=331735"},{"taxonomy":"post_tag","embeddable":true,"href":"https:\/\/archive.sana.sy\/es\/index.php?rest_route=%2Fwp%2Fv2%2Ftags&post=331735"}],"curies":[{"name":"wp","href":"https:\/\/api.w.org\/{rel}","templated":true}]}}