{"id":331786,"date":"2024-06-16T12:24:20","date_gmt":"2024-06-16T09:24:20","guid":{"rendered":"https:\/\/sana.sy\/es\/?p=331786"},"modified":"2024-06-16T17:16:58","modified_gmt":"2024-06-16T14:16:58","slug":"miles-de-palestinos-efectuan-el-rezo-de-eid-al-adha-en-la-mezquita-de-al-aqsa-palestina","status":"publish","type":"post","link":"https:\/\/archive.sana.sy\/es\/?p=331786","title":{"rendered":"Miles de palestinos efect\u00faan el rezo de Eid al-Adha en la mezquita de Al-Aqsa, Palestina"},"content":{"rendered":"<p style=\"text-align: justify\"><span style=\"color: #800000\"><strong>Jerusal\u00e9n ocupada, 16 jun (SANA)<\/strong><\/span>\u00a0\u00a0 Decenas de miles de palestinos efectuaron hoy el rezo de Eid al-Adha en la mezquita de Al-Aqsa en Palestina ocupada, a pesar de las estrictas medidas del ocupante israel\u00ed y sus intentos de restringir el acceso de los fieles a esta mezquita sagrada.<\/p>\n<p style=\"text-align: justify\">La agencia de noticias palestina Wafa cit\u00f3 al Departamento de Asuntos Religiosos de la ciudad ocupada de Jerusal\u00e9n que \u201cm\u00e1s de 40.000 fieles realizaron hoy el rezo de Eid al-Adha en la mezquita de Al-Aqsa\u201d.<\/p>\n<p style=\"text-align: justify\">Se\u00f1al\u00f3 que las fuerzas de ocupaci\u00f3n impidieron a miles de palestinos llegaron a la Mezquita y los golpearon.<\/p>\n<p style=\"text-align: justify\">Los palestinos respondieron a una convocatoria de movilizaci\u00f3n en Al-Aqsa para frustrar los planes de asentamiento y judaizaci\u00f3n del ocupante sionista contra esta mezquita sagrada y la ciudad ocupada de Jerusal\u00e9n.<\/p>\n<p style=\"text-align: justify\">rr<\/p>\n","protected":false},"excerpt":{"rendered":"<p>Jerusal\u00e9n ocupada, 16 jun (SANA)\u00a0\u00a0 Decenas de miles de palestinos efectuaron hoy el rezo de Eid al-Adha en la mezquita de Al-Aqsa en Palestina ocupada, a pesar de las estrictas medidas del ocupante israel\u00ed y sus intentos de restringir el acceso de los fieles a esta mezquita sagrada. La agencia de noticias palestina Wafa cit\u00f3 &hellip;<\/p>\n","protected":false},"author":31,"featured_media":331787,"comment_status":"closed","ping_status":"closed","sticky":false,"template":"","format":"standard","meta":{"footnotes":""},"categories":[597,456,16687,20724,7541],"tags":[],"class_list":["post-331786","post","type-post","status-publish","format-standard","has-post-thumbnail","","category-cinta-de-noticias","category-arabe-internacional-politica","category-internacionales","category-minuto-a-minuto","category-ultimas-noticias"],"_links":{"self":[{"href":"https:\/\/archive.sana.sy\/es\/index.php?rest_route=\/wp\/v2\/posts\/331786"}],"collection":[{"href":"https:\/\/archive.sana.sy\/es\/index.php?rest_route=\/wp\/v2\/posts"}],"about":[{"href":"https:\/\/archive.sana.sy\/es\/index.php?rest_route=\/wp\/v2\/types\/post"}],"author":[{"embeddable":true,"href":"https:\/\/archive.sana.sy\/es\/index.php?rest_route=\/wp\/v2\/users\/31"}],"replies":[{"embeddable":true,"href":"https:\/\/archive.sana.sy\/es\/index.php?rest_route=%2Fwp%2Fv2%2Fcomments&post=331786"}],"version-history":[{"count":2,"href":"https:\/\/archive.sana.sy\/es\/index.php?rest_route=\/wp\/v2\/posts\/331786\/revisions"}],"predecessor-version":[{"id":331826,"href":"https:\/\/archive.sana.sy\/es\/index.php?rest_route=\/wp\/v2\/posts\/331786\/revisions\/331826"}],"wp:featuredmedia":[{"embeddable":true,"href":"https:\/\/archive.sana.sy\/es\/index.php?rest_route=\/wp\/v2\/media\/331787"}],"wp:attachment":[{"href":"https:\/\/archive.sana.sy\/es\/index.php?rest_route=%2Fwp%2Fv2%2Fmedia&parent=331786"}],"wp:term":[{"taxonomy":"category","embeddable":true,"href":"https:\/\/archive.sana.sy\/es\/index.php?rest_route=%2Fwp%2Fv2%2Fcategories&post=331786"},{"taxonomy":"post_tag","embeddable":true,"href":"https:\/\/archive.sana.sy\/es\/index.php?rest_route=%2Fwp%2Fv2%2Ftags&post=331786"}],"curies":[{"name":"wp","href":"https:\/\/api.w.org\/{rel}","templated":true}]}}