{"id":331795,"date":"2024-06-16T15:17:54","date_gmt":"2024-06-16T12:17:54","guid":{"rendered":"https:\/\/sana.sy\/es\/?p=331795"},"modified":"2024-06-16T17:16:34","modified_gmt":"2024-06-16T14:16:34","slug":"kanaani-iran-actuara-con-decision-en-defensa-de-su-seguridad-y-sus-intereses-nacionales","status":"publish","type":"post","link":"https:\/\/archive.sana.sy\/es\/?p=331795","title":{"rendered":"Kanaani: Ir\u00e1n actuar\u00e1 con decisi\u00f3n en defensa de su seguridad y sus intereses nacionales"},"content":{"rendered":"<p style=\"text-align: justify\"><span style=\"color: #800000\"><strong>Teher\u00e1n, 16 jun (SANA)<\/strong><\/span>\u00a0 \u00a0El portavoz del Ministerio de Asuntos Exteriores iran\u00ed, Nasser Kanaani, afirm\u00f3 que la decisi\u00f3n emitida por la Junta de Gobernadores de la Organismo Internacional de Energ\u00eda At\u00f3mica (OIEA) contra Teher\u00e1n est\u00e1 politizada.<\/p>\n<p style=\"text-align: justify\">\u201cIr\u00e1n contin\u00faa su interacci\u00f3n constructiva y cooperaci\u00f3n t\u00e9cnica con la OIEA dentro del marco de sus derechos y obligaciones, y est\u00e1 avanzando con sus planes y proyectos nucleares pac\u00edficos de conformidad con el Tratado sobre la No Proliferaci\u00f3n de Armas Nucleares y el Acuerdo de Salvaguardias Amplias, independientemente de las presiones pol\u00edticas y la atm\u00f3sfera imperantes\u201d, cit\u00f3 la agencia iran\u00ed de noticias IRNA a Kanaani.<\/p>\n<p style=\"text-align: justify\">Kanaani destac\u00f3 el papel constructivo y consistente que juega Ir\u00e1n en el establecimiento de una seguridad sostenible en la regi\u00f3n, y afirm\u00f3 que su pa\u00eds \u201cactuar\u00e1 con decisi\u00f3n para proteger su seguridad y sus intereses nacionales y defender su soberan\u00eda frente a cualquier acci\u00f3n imprudente.\u201d<\/p>\n<p style=\"text-align: justify\">Indic\u00f3 que el cumplimiento de los objetivos de derechos humanos en el \u00e1mbito internacional enfrenta ahora serios desaf\u00edos, el m\u00e1s inmediato de los cuales es la inacci\u00f3n de los l\u00edderes del G7 ante los asesinatos sistem\u00e1ticos de palestinos por el r\u00e9gimen sionista del apartheid.<\/p>\n<p style=\"text-align: justify\">Con respecto a Ucrania, el diplom\u00e1tico iran\u00ed dijo que &#8220;cualquier intento de vincular la guerra en Ucrania con la cooperaci\u00f3n bilateral entre Ir\u00e1n y Rusia es un acto que s\u00f3lo tiene objetivos pol\u00edticos sesgados&#8221;.<\/p>\n<p style=\"text-align: justify\">Agreg\u00f3 que algunos pa\u00edses est\u00e1n recurriendo a afirmaciones falsas para continuar con las sanciones contra Ir\u00e1n, y que \u00e9stos deben \u201caprender de las experiencias pasadas y distanciarse de las pol\u00edticas destructivas del pasado.\u201d<\/p>\n<p style=\"text-align: justify\">rr<\/p>\n","protected":false},"excerpt":{"rendered":"<p>Teher\u00e1n, 16 jun (SANA)\u00a0 \u00a0El portavoz del Ministerio de Asuntos Exteriores iran\u00ed, Nasser Kanaani, afirm\u00f3 que la decisi\u00f3n emitida por la Junta de Gobernadores de la Organismo Internacional de Energ\u00eda At\u00f3mica (OIEA) contra Teher\u00e1n est\u00e1 politizada. \u201cIr\u00e1n contin\u00faa su interacci\u00f3n constructiva y cooperaci\u00f3n t\u00e9cnica con la OIEA dentro del marco de sus derechos y obligaciones, &hellip;<\/p>\n","protected":false},"author":31,"featured_media":331796,"comment_status":"closed","ping_status":"closed","sticky":false,"template":"","format":"standard","meta":{"footnotes":""},"categories":[597,456,16687,20724,7541],"tags":[21997,2866,20383,6695,20357],"class_list":["post-331795","post","type-post","status-publish","format-standard","has-post-thumbnail","","category-cinta-de-noticias","category-arabe-internacional-politica","category-internacionales","category-minuto-a-minuto","category-ultimas-noticias","tag-g7","tag-iran","tag-oiea","tag-rusia","tag-ucrania"],"_links":{"self":[{"href":"https:\/\/archive.sana.sy\/es\/index.php?rest_route=\/wp\/v2\/posts\/331795"}],"collection":[{"href":"https:\/\/archive.sana.sy\/es\/index.php?rest_route=\/wp\/v2\/posts"}],"about":[{"href":"https:\/\/archive.sana.sy\/es\/index.php?rest_route=\/wp\/v2\/types\/post"}],"author":[{"embeddable":true,"href":"https:\/\/archive.sana.sy\/es\/index.php?rest_route=\/wp\/v2\/users\/31"}],"replies":[{"embeddable":true,"href":"https:\/\/archive.sana.sy\/es\/index.php?rest_route=%2Fwp%2Fv2%2Fcomments&post=331795"}],"version-history":[{"count":2,"href":"https:\/\/archive.sana.sy\/es\/index.php?rest_route=\/wp\/v2\/posts\/331795\/revisions"}],"predecessor-version":[{"id":331825,"href":"https:\/\/archive.sana.sy\/es\/index.php?rest_route=\/wp\/v2\/posts\/331795\/revisions\/331825"}],"wp:featuredmedia":[{"embeddable":true,"href":"https:\/\/archive.sana.sy\/es\/index.php?rest_route=\/wp\/v2\/media\/331796"}],"wp:attachment":[{"href":"https:\/\/archive.sana.sy\/es\/index.php?rest_route=%2Fwp%2Fv2%2Fmedia&parent=331795"}],"wp:term":[{"taxonomy":"category","embeddable":true,"href":"https:\/\/archive.sana.sy\/es\/index.php?rest_route=%2Fwp%2Fv2%2Fcategories&post=331795"},{"taxonomy":"post_tag","embeddable":true,"href":"https:\/\/archive.sana.sy\/es\/index.php?rest_route=%2Fwp%2Fv2%2Ftags&post=331795"}],"curies":[{"name":"wp","href":"https:\/\/api.w.org\/{rel}","templated":true}]}}