{"id":331840,"date":"2024-06-16T18:49:30","date_gmt":"2024-06-16T15:49:30","guid":{"rendered":"https:\/\/sana.sy\/es\/?p=331840"},"modified":"2024-06-16T18:55:53","modified_gmt":"2024-06-16T15:55:53","slug":"30-mercenarios-extranjeros-estan-involucrados-en-actividades-terroristas-en-sistan-y-baluchistan","status":"publish","type":"post","link":"https:\/\/archive.sana.sy\/es\/?p=331840","title":{"rendered":"30 mercenarios extranjeros est\u00e1n involucrados en actividades terroristas en Sist\u00e1n y Baluchist\u00e1n"},"content":{"rendered":"<p style=\"text-align: justify\"><strong><span style=\"color: #800000\">Teher\u00e1n, 16 jun (SANA)<\/span><\/strong> El comandante de las Fuerzas Terrestres de la Guardia Revolucionaria iran\u00ed, el general Muhammad Pakpour, anunci\u00f3 que 30 elementos de distintas nacionalidades extranjeras se ven involucrados en una serie de actos terroristas que se llev\u00f3 a cabo, durante los \u00faltimos meses, en la provincia iran\u00ed de Sist\u00e1n y Baluchist\u00e1n.<\/p>\n<p style=\"text-align: justify\">\u201cEn algunos pa\u00edses extranjeros, se est\u00e1n estableciendo f\u00e1bricas para entrenar a terroristas y criminales, manejar y organizarlos para contratar y explotarlos m\u00e1s tarde en actividades terroristas&#8230; y por supuesto, la identidad de algunos de estas personas ha sido identificada en algunos pa\u00edses vecinos\u201d, subray\u00f3.<\/p>\n<p style=\"text-align: justify\">A\u00f1adi\u00f3 que los 30 sujetos responsables de los atentados de Sist\u00e1n y Baluchist\u00e1n recibieron entrenamiento conforme con la ideolog\u00eda de la organizaci\u00f3n terrorista de Daesh.<\/p>\n<p style=\"text-align: justify\">El pasado jueves, el Cuerpo de Inteligencia de las Fuerzas Policiales iran\u00edes anunci\u00f3 la detenci\u00f3n de un agente del Mossad israel\u00ed en la ciudad de Qom, al sur de Teher\u00e1n.<\/p>\n<p style=\"text-align: justify\">la<\/p>\n","protected":false},"excerpt":{"rendered":"<p>Teher\u00e1n, 16 jun (SANA) El comandante de las Fuerzas Terrestres de la Guardia Revolucionaria iran\u00ed, el general Muhammad Pakpour, anunci\u00f3 que 30 elementos de distintas nacionalidades extranjeras se ven involucrados en una serie de actos terroristas que se llev\u00f3 a cabo, durante los \u00faltimos meses, en la provincia iran\u00ed de Sist\u00e1n y Baluchist\u00e1n. \u201cEn algunos &hellip;<\/p>\n","protected":false},"author":24,"featured_media":331841,"comment_status":"closed","ping_status":"closed","sticky":false,"template":"","format":"standard","meta":{"footnotes":""},"categories":[597,456,20724,7541],"tags":[],"class_list":["post-331840","post","type-post","status-publish","format-standard","has-post-thumbnail","","category-cinta-de-noticias","category-arabe-internacional-politica","category-minuto-a-minuto","category-ultimas-noticias"],"_links":{"self":[{"href":"https:\/\/archive.sana.sy\/es\/index.php?rest_route=\/wp\/v2\/posts\/331840"}],"collection":[{"href":"https:\/\/archive.sana.sy\/es\/index.php?rest_route=\/wp\/v2\/posts"}],"about":[{"href":"https:\/\/archive.sana.sy\/es\/index.php?rest_route=\/wp\/v2\/types\/post"}],"author":[{"embeddable":true,"href":"https:\/\/archive.sana.sy\/es\/index.php?rest_route=\/wp\/v2\/users\/24"}],"replies":[{"embeddable":true,"href":"https:\/\/archive.sana.sy\/es\/index.php?rest_route=%2Fwp%2Fv2%2Fcomments&post=331840"}],"version-history":[{"count":8,"href":"https:\/\/archive.sana.sy\/es\/index.php?rest_route=\/wp\/v2\/posts\/331840\/revisions"}],"predecessor-version":[{"id":331849,"href":"https:\/\/archive.sana.sy\/es\/index.php?rest_route=\/wp\/v2\/posts\/331840\/revisions\/331849"}],"wp:featuredmedia":[{"embeddable":true,"href":"https:\/\/archive.sana.sy\/es\/index.php?rest_route=\/wp\/v2\/media\/331841"}],"wp:attachment":[{"href":"https:\/\/archive.sana.sy\/es\/index.php?rest_route=%2Fwp%2Fv2%2Fmedia&parent=331840"}],"wp:term":[{"taxonomy":"category","embeddable":true,"href":"https:\/\/archive.sana.sy\/es\/index.php?rest_route=%2Fwp%2Fv2%2Fcategories&post=331840"},{"taxonomy":"post_tag","embeddable":true,"href":"https:\/\/archive.sana.sy\/es\/index.php?rest_route=%2Fwp%2Fv2%2Ftags&post=331840"}],"curies":[{"name":"wp","href":"https:\/\/api.w.org\/{rel}","templated":true}]}}