{"id":332056,"date":"2024-06-19T11:10:33","date_gmt":"2024-06-19T08:10:33","guid":{"rendered":"https:\/\/sana.sy\/es\/?p=332056"},"modified":"2024-06-19T11:10:33","modified_gmt":"2024-06-19T08:10:33","slug":"muere-oficial-sirio-en-una-agresion-israeli-contra-el-sur-de-siria","status":"publish","type":"post","link":"https:\/\/archive.sana.sy\/es\/?p=332056","title":{"rendered":"Muere oficial sirio en una agresi\u00f3n israel\u00ed contra el sur de Siria"},"content":{"rendered":"<p style=\"text-align: justify;\"><span style=\"color: #800000;\"><strong>Damasco, 19 jun (SANA)\u00a0\u00a0<\/strong> <\/span>Un oficial de las Fuerzas Armadas de Siria perdi\u00f3 la vida hoy a ra\u00edz de una agresi\u00f3n israel\u00ed con drones contra sitios militares en las provincias de Quneitra y Deraa, en el sur del pa\u00eds.<\/p>\n<p style=\"text-align: justify;\">El Ministerio de Defensa inform\u00f3 por medio de un comunicado, que alrededor de las 7:00 hora local de este mi\u00e9rcoles, 19 de junio, el enemigo israel\u00ed llev\u00f3 a cabo una agresi\u00f3n empleando veh\u00edculos a\u00e9reos no tripulados contra algunas posiciones de las Fuerzas Armadas de Siria en los campos de Quneitra y Deraa.<\/p>\n<p style=\"text-align: justify;\">La agresi\u00f3n caus\u00f3 la muerte de un oficial, adem\u00e1s de provocar p\u00e9rdidas materiales, precis\u00f3 el ente castrense.<\/p>\n<p style=\"text-align: justify;\"><span style=\"color: #800000;\"><strong>ws\/rr<\/strong><\/span><\/p>\n","protected":false},"excerpt":{"rendered":"<p>Damasco, 19 jun (SANA)\u00a0\u00a0 Un oficial de las Fuerzas Armadas de Siria perdi\u00f3 la vida hoy a ra\u00edz de una agresi\u00f3n israel\u00ed con drones contra sitios militares en las provincias de Quneitra y Deraa, en el sur del pa\u00eds. El Ministerio de Defensa inform\u00f3 por medio de un comunicado, que alrededor de las 7:00 hora &hellip;<\/p>\n","protected":false},"author":35,"featured_media":332057,"comment_status":"closed","ping_status":"closed","sticky":false,"template":"","format":"standard","meta":{"footnotes":""},"categories":[447,477,597,20724,476,583],"tags":[],"class_list":["post-332056","post","type-post","status-publish","format-standard","has-post-thumbnail","","category-local-politica","category-noticias-edulcorantes","category-cinta-de-noticias","category-minuto-a-minuto","category-locales","category-slide"],"_links":{"self":[{"href":"https:\/\/archive.sana.sy\/es\/index.php?rest_route=\/wp\/v2\/posts\/332056"}],"collection":[{"href":"https:\/\/archive.sana.sy\/es\/index.php?rest_route=\/wp\/v2\/posts"}],"about":[{"href":"https:\/\/archive.sana.sy\/es\/index.php?rest_route=\/wp\/v2\/types\/post"}],"author":[{"embeddable":true,"href":"https:\/\/archive.sana.sy\/es\/index.php?rest_route=\/wp\/v2\/users\/35"}],"replies":[{"embeddable":true,"href":"https:\/\/archive.sana.sy\/es\/index.php?rest_route=%2Fwp%2Fv2%2Fcomments&post=332056"}],"version-history":[{"count":1,"href":"https:\/\/archive.sana.sy\/es\/index.php?rest_route=\/wp\/v2\/posts\/332056\/revisions"}],"predecessor-version":[{"id":332058,"href":"https:\/\/archive.sana.sy\/es\/index.php?rest_route=\/wp\/v2\/posts\/332056\/revisions\/332058"}],"wp:featuredmedia":[{"embeddable":true,"href":"https:\/\/archive.sana.sy\/es\/index.php?rest_route=\/wp\/v2\/media\/332057"}],"wp:attachment":[{"href":"https:\/\/archive.sana.sy\/es\/index.php?rest_route=%2Fwp%2Fv2%2Fmedia&parent=332056"}],"wp:term":[{"taxonomy":"category","embeddable":true,"href":"https:\/\/archive.sana.sy\/es\/index.php?rest_route=%2Fwp%2Fv2%2Fcategories&post=332056"},{"taxonomy":"post_tag","embeddable":true,"href":"https:\/\/archive.sana.sy\/es\/index.php?rest_route=%2Fwp%2Fv2%2Ftags&post=332056"}],"curies":[{"name":"wp","href":"https:\/\/api.w.org\/{rel}","templated":true}]}}