{"id":332059,"date":"2024-06-19T11:15:16","date_gmt":"2024-06-19T08:15:16","guid":{"rendered":"https:\/\/sana.sy\/es\/?p=332059"},"modified":"2024-06-19T11:15:36","modified_gmt":"2024-06-19T08:15:36","slug":"cazas-estadounidenses-y-britanicos-destruyen-la-sede-de-radio-en-la-gobernacion-yemeni-de-raymah","status":"publish","type":"post","link":"https:\/\/archive.sana.sy\/es\/?p=332059","title":{"rendered":"Cazas estadounidenses y brit\u00e1nicos destruyen la sede de radio en la gobernaci\u00f3n yemen\u00ed de Raymah"},"content":{"rendered":"<p style=\"text-align: justify;\"><span style=\"color: #800000;\"><strong>San\u00e1, 19 jun (SANA)<\/strong>\u00a0 \u00a0<\/span>Aviones de combate estadounidenses y brit\u00e1nicos lanzaron hoy varios ataques contra la gobernaci\u00f3n yemen\u00ed de Raymah, donde destruyeron el edificio de radio.<\/p>\n<p style=\"text-align: justify;\">El director de la emisora Muhammad al-Hassani declar\u00f3 a la agencia yemen\u00ed Saba que cinco incursiones dejaron destruido por completa el edificio del medio.<\/p>\n<p style=\"text-align: justify;\">El jueves pasado, un caza de la alianza estadounidense-brit\u00e1nica lanz\u00f3 un ataque contra el citado edificio de radio, provocando la muerte de dos empleados y heridos otros nueve.<\/p>\n<p style=\"text-align: justify;\"><span style=\"color: #800000;\"><strong>fm\/ws<\/strong><\/span><\/p>\n","protected":false},"excerpt":{"rendered":"<p>San\u00e1, 19 jun (SANA)\u00a0 \u00a0Aviones de combate estadounidenses y brit\u00e1nicos lanzaron hoy varios ataques contra la gobernaci\u00f3n yemen\u00ed de Raymah, donde destruyeron el edificio de radio. El director de la emisora Muhammad al-Hassani declar\u00f3 a la agencia yemen\u00ed Saba que cinco incursiones dejaron destruido por completa el edificio del medio. El jueves pasado, un caza &hellip;<\/p>\n","protected":false},"author":35,"featured_media":332060,"comment_status":"closed","ping_status":"closed","sticky":false,"template":"","format":"standard","meta":{"footnotes":""},"categories":[597,456,16687,20724,7541],"tags":[],"class_list":["post-332059","post","type-post","status-publish","format-standard","has-post-thumbnail","","category-cinta-de-noticias","category-arabe-internacional-politica","category-internacionales","category-minuto-a-minuto","category-ultimas-noticias"],"_links":{"self":[{"href":"https:\/\/archive.sana.sy\/es\/index.php?rest_route=\/wp\/v2\/posts\/332059"}],"collection":[{"href":"https:\/\/archive.sana.sy\/es\/index.php?rest_route=\/wp\/v2\/posts"}],"about":[{"href":"https:\/\/archive.sana.sy\/es\/index.php?rest_route=\/wp\/v2\/types\/post"}],"author":[{"embeddable":true,"href":"https:\/\/archive.sana.sy\/es\/index.php?rest_route=\/wp\/v2\/users\/35"}],"replies":[{"embeddable":true,"href":"https:\/\/archive.sana.sy\/es\/index.php?rest_route=%2Fwp%2Fv2%2Fcomments&post=332059"}],"version-history":[{"count":2,"href":"https:\/\/archive.sana.sy\/es\/index.php?rest_route=\/wp\/v2\/posts\/332059\/revisions"}],"predecessor-version":[{"id":332062,"href":"https:\/\/archive.sana.sy\/es\/index.php?rest_route=\/wp\/v2\/posts\/332059\/revisions\/332062"}],"wp:featuredmedia":[{"embeddable":true,"href":"https:\/\/archive.sana.sy\/es\/index.php?rest_route=\/wp\/v2\/media\/332060"}],"wp:attachment":[{"href":"https:\/\/archive.sana.sy\/es\/index.php?rest_route=%2Fwp%2Fv2%2Fmedia&parent=332059"}],"wp:term":[{"taxonomy":"category","embeddable":true,"href":"https:\/\/archive.sana.sy\/es\/index.php?rest_route=%2Fwp%2Fv2%2Fcategories&post=332059"},{"taxonomy":"post_tag","embeddable":true,"href":"https:\/\/archive.sana.sy\/es\/index.php?rest_route=%2Fwp%2Fv2%2Ftags&post=332059"}],"curies":[{"name":"wp","href":"https:\/\/api.w.org\/{rel}","templated":true}]}}