{"id":332063,"date":"2024-06-19T11:22:39","date_gmt":"2024-06-19T08:22:39","guid":{"rendered":"https:\/\/sana.sy\/es\/?p=332063"},"modified":"2024-06-19T18:57:38","modified_gmt":"2024-06-19T15:57:38","slug":"israel-comete-otra-masacre-en-rafah-gaza","status":"publish","type":"post","link":"https:\/\/archive.sana.sy\/es\/?p=332063","title":{"rendered":"Israel comete otra masacre en Rafah\/Gaza"},"content":{"rendered":"<blockquote>\n<p style=\"text-align: justify;\"><strong><span style=\"color: #800000;\">Los medios de prensa palestinos informaron que cazas israel\u00edes bombardearon un campamento de personas desplazadas en el \u00e1rea de Al-Mawasi, al noroeste de la ciudad, matando al menos a 7 palestinos e hiriendo a decenas.<\/span><\/strong><\/p>\n<\/blockquote>\n<p style=\"text-align: justify;\"><span style=\"color: #800000;\"><strong>Jerusal\u00e9n ocupada, 19 jun (SANA)\u00a0<\/strong><\/span> \u00a0Al menos 7 palestinos perdieron la vida y otros resultaron heridos en una nueva masacre cometida por el ej\u00e9rcito sionista en la ciudad de Rafah, al sur de la Franja de Gaza.<\/p>\n<p style=\"text-align: justify;\">Los medios de prensa palestinos informaron que cazas israel\u00edes bombardearon un campamento de personas desplazadas en el \u00e1rea de Al-Mawasi, al noroeste de la ciudad, matando al menos a 7 palestinos e hiriendo a decenas.<\/p>\n<p style=\"text-align: justify;\">Tambi\u00e9n bombardearon un campamento para desplazados en la calle Al-Shakoush, al suroeste de Khan Yunis, en el sur de la Franja de Gaza, y varias viviendas en la ciudad de Al-Mughraqa, al norte del campamento de Al-Nuseirat en el centro de Gaza.<\/p>\n<p style=\"text-align: justify;\">El Ministerio de Salud palestino anunci\u00f3 que el n\u00famero de v\u00edctimas de la agresi\u00f3n israel\u00ed contra Gaza aument\u00f3 a 37.372 muertos y 85.452 heridos.<\/p>\n<p style=\"text-align: justify;\"><strong>fm\/ws<\/strong><\/p>\n","protected":false},"excerpt":{"rendered":"<p>Los medios de prensa palestinos informaron que cazas israel\u00edes bombardearon un campamento de personas desplazadas en el \u00e1rea de Al-Mawasi, al noroeste de la ciudad, matando al menos a 7 palestinos e hiriendo a decenas. Jerusal\u00e9n ocupada, 19 jun (SANA)\u00a0 \u00a0Al menos 7 palestinos perdieron la vida y otros resultaron heridos en una nueva masacre &hellip;<\/p>\n","protected":false},"author":35,"featured_media":332064,"comment_status":"closed","ping_status":"closed","sticky":false,"template":"","format":"standard","meta":{"footnotes":""},"categories":[597,456,16687,20724,7541],"tags":[],"class_list":["post-332063","post","type-post","status-publish","format-standard","has-post-thumbnail","","category-cinta-de-noticias","category-arabe-internacional-politica","category-internacionales","category-minuto-a-minuto","category-ultimas-noticias"],"_links":{"self":[{"href":"https:\/\/archive.sana.sy\/es\/index.php?rest_route=\/wp\/v2\/posts\/332063"}],"collection":[{"href":"https:\/\/archive.sana.sy\/es\/index.php?rest_route=\/wp\/v2\/posts"}],"about":[{"href":"https:\/\/archive.sana.sy\/es\/index.php?rest_route=\/wp\/v2\/types\/post"}],"author":[{"embeddable":true,"href":"https:\/\/archive.sana.sy\/es\/index.php?rest_route=\/wp\/v2\/users\/35"}],"replies":[{"embeddable":true,"href":"https:\/\/archive.sana.sy\/es\/index.php?rest_route=%2Fwp%2Fv2%2Fcomments&post=332063"}],"version-history":[{"count":2,"href":"https:\/\/archive.sana.sy\/es\/index.php?rest_route=\/wp\/v2\/posts\/332063\/revisions"}],"predecessor-version":[{"id":332066,"href":"https:\/\/archive.sana.sy\/es\/index.php?rest_route=\/wp\/v2\/posts\/332063\/revisions\/332066"}],"wp:featuredmedia":[{"embeddable":true,"href":"https:\/\/archive.sana.sy\/es\/index.php?rest_route=\/wp\/v2\/media\/332064"}],"wp:attachment":[{"href":"https:\/\/archive.sana.sy\/es\/index.php?rest_route=%2Fwp%2Fv2%2Fmedia&parent=332063"}],"wp:term":[{"taxonomy":"category","embeddable":true,"href":"https:\/\/archive.sana.sy\/es\/index.php?rest_route=%2Fwp%2Fv2%2Fcategories&post=332063"},{"taxonomy":"post_tag","embeddable":true,"href":"https:\/\/archive.sana.sy\/es\/index.php?rest_route=%2Fwp%2Fv2%2Ftags&post=332063"}],"curies":[{"name":"wp","href":"https:\/\/api.w.org\/{rel}","templated":true}]}}