{"id":332068,"date":"2024-06-19T13:59:04","date_gmt":"2024-06-19T10:59:04","guid":{"rendered":"https:\/\/sana.sy\/es\/?p=332068"},"modified":"2024-06-19T14:01:43","modified_gmt":"2024-06-19T11:01:43","slug":"helicopteros-del-ejercito-participan-en-la-extincion-de-un-gran-incendio-forestal-en-hama-fotos","status":"publish","type":"post","link":"https:\/\/archive.sana.sy\/es\/?p=332068","title":{"rendered":"Helic\u00f3pteros del ej\u00e9rcito participan en la extinci\u00f3n de un gran incendio forestal en Hama (+ fotos)"},"content":{"rendered":"<p style=\"text-align: justify;\"><span style=\"color: #800000;\"><strong>Hama, 19 jun (SANA)<\/strong><\/span> El 90 por ciento del incendio que se desat\u00f3 la tarde de este martes en los bosques monta\u00f1osos situados entre las localidades de Nabe Al-Tayeb y Annab en el oeste de la provincia de Hama ha sido controlado, declar\u00f3 el director de la Autoridad de Gesti\u00f3n y Desarrollo Forestal en la regi\u00f3n de Al-Ghab, Awfa Wassouf.<\/p>\n<p>Precis\u00f3 que los equipos de bomberos a\u00fan est\u00e1n lidiando con algunos focos de incendio en \u00e1reas con terreno de muy dif\u00edcil acceso.<\/p>\n<p>En una declaraci\u00f3n a SANA, Wassouf explic\u00f3 que varios helic\u00f3pteros del ej\u00e9rcito sirio participaron en las operaciones de extinci\u00f3n del incendio, especialmente en las escarpadas laderas monta\u00f1osas a las que los camiones de bomberos no pod\u00edan llegar.<\/p>\n<div id='gallery-1' class='gallery galleryid-332068 gallery-columns-1 gallery-size-full'><figure class='gallery-item'>\n\t\t\t<div class='gallery-icon landscape'>\n\t\t\t\t<a href='https:\/\/archive.sana.sy\/es\/wp-content\/uploads\/2024\/06\/4-26.jpg'><img loading=\"lazy\" decoding=\"async\" width=\"660\" height=\"495\" src=\"https:\/\/archive.sana.sy\/es\/wp-content\/uploads\/2024\/06\/4-26.jpg\" class=\"attachment-full size-full\" alt=\"\" srcset=\"https:\/\/archive.sana.sy\/es\/wp-content\/uploads\/2024\/06\/4-26.jpg 660w, https:\/\/archive.sana.sy\/es\/wp-content\/uploads\/2024\/06\/4-26-300x225.jpg 300w, https:\/\/archive.sana.sy\/es\/wp-content\/uploads\/2024\/06\/4-26-150x113.jpg 150w\" sizes=\"(max-width: 660px) 100vw, 660px\" \/><\/a>\n\t\t\t<\/div><\/figure><figure class='gallery-item'>\n\t\t\t<div class='gallery-icon landscape'>\n\t\t\t\t<a href='https:\/\/archive.sana.sy\/es\/wp-content\/uploads\/2024\/06\/7-12.jpg'><img loading=\"lazy\" decoding=\"async\" width=\"660\" height=\"495\" src=\"https:\/\/archive.sana.sy\/es\/wp-content\/uploads\/2024\/06\/7-12.jpg\" class=\"attachment-full size-full\" alt=\"\" srcset=\"https:\/\/archive.sana.sy\/es\/wp-content\/uploads\/2024\/06\/7-12.jpg 660w, https:\/\/archive.sana.sy\/es\/wp-content\/uploads\/2024\/06\/7-12-300x225.jpg 300w, https:\/\/archive.sana.sy\/es\/wp-content\/uploads\/2024\/06\/7-12-150x113.jpg 150w\" sizes=\"(max-width: 660px) 100vw, 660px\" \/><\/a>\n\t\t\t<\/div><\/figure><figure class='gallery-item'>\n\t\t\t<div class='gallery-icon landscape'>\n\t\t\t\t<a href='https:\/\/archive.sana.sy\/es\/wp-content\/uploads\/2024\/06\/photo_2024-06-19_13-25-40-copy-660x330-1.jpg'><img loading=\"lazy\" decoding=\"async\" width=\"660\" height=\"330\" src=\"https:\/\/archive.sana.sy\/es\/wp-content\/uploads\/2024\/06\/photo_2024-06-19_13-25-40-copy-660x330-1.jpg\" class=\"attachment-full size-full\" alt=\"\" srcset=\"https:\/\/archive.sana.sy\/es\/wp-content\/uploads\/2024\/06\/photo_2024-06-19_13-25-40-copy-660x330-1.jpg 660w, https:\/\/archive.sana.sy\/es\/wp-content\/uploads\/2024\/06\/photo_2024-06-19_13-25-40-copy-660x330-1-300x150.jpg 300w, https:\/\/archive.sana.sy\/es\/wp-content\/uploads\/2024\/06\/photo_2024-06-19_13-25-40-copy-660x330-1-150x75.jpg 150w\" sizes=\"(max-width: 660px) 100vw, 660px\" \/><\/a>\n\t\t\t<\/div><\/figure>\n\t\t<\/div>\n\n<p style=\"text-align: justify;\"><span style=\"color: #800000;\"><strong>fm\/ws<\/strong><\/span><\/p>\n","protected":false},"excerpt":{"rendered":"<p>Hama, 19 jun (SANA) El 90 por ciento del incendio que se desat\u00f3 la tarde de este martes en los bosques monta\u00f1osos situados entre las localidades de Nabe Al-Tayeb y Annab en el oeste de la provincia de Hama ha sido controlado, declar\u00f3 el director de la Autoridad de Gesti\u00f3n y Desarrollo Forestal en la &hellip;<\/p>\n","protected":false},"author":35,"featured_media":332069,"comment_status":"closed","ping_status":"closed","sticky":false,"template":"","format":"standard","meta":{"footnotes":""},"categories":[597,20724,16688,476,7541],"tags":[],"class_list":["post-332068","post","type-post","status-publish","format-standard","has-post-thumbnail","","category-cinta-de-noticias","category-minuto-a-minuto","category-nacionales","category-locales","category-ultimas-noticias"],"_links":{"self":[{"href":"https:\/\/archive.sana.sy\/es\/index.php?rest_route=\/wp\/v2\/posts\/332068"}],"collection":[{"href":"https:\/\/archive.sana.sy\/es\/index.php?rest_route=\/wp\/v2\/posts"}],"about":[{"href":"https:\/\/archive.sana.sy\/es\/index.php?rest_route=\/wp\/v2\/types\/post"}],"author":[{"embeddable":true,"href":"https:\/\/archive.sana.sy\/es\/index.php?rest_route=\/wp\/v2\/users\/35"}],"replies":[{"embeddable":true,"href":"https:\/\/archive.sana.sy\/es\/index.php?rest_route=%2Fwp%2Fv2%2Fcomments&post=332068"}],"version-history":[{"count":3,"href":"https:\/\/archive.sana.sy\/es\/index.php?rest_route=\/wp\/v2\/posts\/332068\/revisions"}],"predecessor-version":[{"id":332076,"href":"https:\/\/archive.sana.sy\/es\/index.php?rest_route=\/wp\/v2\/posts\/332068\/revisions\/332076"}],"wp:featuredmedia":[{"embeddable":true,"href":"https:\/\/archive.sana.sy\/es\/index.php?rest_route=\/wp\/v2\/media\/332069"}],"wp:attachment":[{"href":"https:\/\/archive.sana.sy\/es\/index.php?rest_route=%2Fwp%2Fv2%2Fmedia&parent=332068"}],"wp:term":[{"taxonomy":"category","embeddable":true,"href":"https:\/\/archive.sana.sy\/es\/index.php?rest_route=%2Fwp%2Fv2%2Fcategories&post=332068"},{"taxonomy":"post_tag","embeddable":true,"href":"https:\/\/archive.sana.sy\/es\/index.php?rest_route=%2Fwp%2Fv2%2Ftags&post=332068"}],"curies":[{"name":"wp","href":"https:\/\/api.w.org\/{rel}","templated":true}]}}