{"id":332077,"date":"2024-06-19T14:07:50","date_gmt":"2024-06-19T11:07:50","guid":{"rendered":"https:\/\/sana.sy\/es\/?p=332077"},"modified":"2024-06-19T14:09:08","modified_gmt":"2024-06-19T11:09:08","slug":"putin-y-kim-jong-un-firman-tratado-de-asociacion-estrategica-integral","status":"publish","type":"post","link":"https:\/\/archive.sana.sy\/es\/?p=332077","title":{"rendered":"Putin y Kim Jong-un firman Tratado de Asociaci\u00f3n Estrat\u00e9gica Integral"},"content":{"rendered":"<p style=\"text-align: justify;\"><span style=\"color: #800000;\"><strong>Pionyang, 19 jun (SANA)<\/strong> <\/span>El presidente de Rusia, Vlad\u00edmir Putin, y el l\u00edder de Corea del Norte, Kim Jong-un, firmaron un Tratado de Asociaci\u00f3n Estrat\u00e9gica Integral durante la visita del mandatario ruso al pa\u00eds asi\u00e1tico.<\/p>\n<p style=\"text-align: justify;\">La suscripci\u00f3n del documento fue precedida por amplias conversaciones ruso-norcoreanas en la residencia estatal de Kumsusan y una reuni\u00f3n a solas entre los l\u00edderes de ambos pa\u00edses, que dur\u00f3 unas dos horas.<\/p>\n<p style=\"text-align: justify;\">De acuerdo a lo difundido por la cadena rusa RT, el nuevo acuerdo sustituye a los anteriores documentos fundamentales: el Tratado de Amistad y Asistencia Mutua de 1961, el Tratado de Amistad, Buena Vecindad y Cooperaci\u00f3n de 2000 y las Declaraciones de Mosc\u00fa y Pionyang de 2000 y 2001.<\/p>\n<p style=\"text-align: justify;\">El l\u00edder de Corea del Norte, Kim Jong-un, declar\u00f3 durante una rueda de prensa conjunta con el presidente ruso, Vlad\u00edmir Putin, que el Tratado de Asociaci\u00f3n Estrat\u00e9gica Integral tiene una naturaleza &#8220;pac\u00edfica y defensiva&#8221;.<\/p>\n<p style=\"text-align: justify;\">Destac\u00f3 que, con la firma del nuevo tratado, las relaciones entre Mosc\u00fa y Pionyang &#8220;se han embarcado en la v\u00eda de un mayor desarrollo prometedor y pr\u00f3spero con el fin del progreso de ambos pa\u00edses y el aumento de la prosperidad de sus pueblos a trav\u00e9s de la cooperaci\u00f3n bilateral activa en varios \u00e1mbitos, incluidos el pol\u00edtico, econ\u00f3mico y cultural, as\u00ed como el militar&#8221;.<\/p>\n<p style=\"text-align: justify;\">&#8220;No tengo ninguna duda de que se convertir\u00e1 en una fuerza impulsora que acelerar\u00e1 la creaci\u00f3n de un nuevo mundo multipolar&#8221;, afirm\u00f3.<\/p>\n<p style=\"text-align: justify;\"><strong>fm\/ws<\/strong><\/p>\n","protected":false},"excerpt":{"rendered":"<p>Pionyang, 19 jun (SANA) El presidente de Rusia, Vlad\u00edmir Putin, y el l\u00edder de Corea del Norte, Kim Jong-un, firmaron un Tratado de Asociaci\u00f3n Estrat\u00e9gica Integral durante la visita del mandatario ruso al pa\u00eds asi\u00e1tico. La suscripci\u00f3n del documento fue precedida por amplias conversaciones ruso-norcoreanas en la residencia estatal de Kumsusan y una reuni\u00f3n a &hellip;<\/p>\n","protected":false},"author":35,"featured_media":332078,"comment_status":"closed","ping_status":"closed","sticky":false,"template":"","format":"standard","meta":{"footnotes":""},"categories":[597,456,16687,20724,7541],"tags":[],"class_list":["post-332077","post","type-post","status-publish","format-standard","has-post-thumbnail","","category-cinta-de-noticias","category-arabe-internacional-politica","category-internacionales","category-minuto-a-minuto","category-ultimas-noticias"],"_links":{"self":[{"href":"https:\/\/archive.sana.sy\/es\/index.php?rest_route=\/wp\/v2\/posts\/332077"}],"collection":[{"href":"https:\/\/archive.sana.sy\/es\/index.php?rest_route=\/wp\/v2\/posts"}],"about":[{"href":"https:\/\/archive.sana.sy\/es\/index.php?rest_route=\/wp\/v2\/types\/post"}],"author":[{"embeddable":true,"href":"https:\/\/archive.sana.sy\/es\/index.php?rest_route=\/wp\/v2\/users\/35"}],"replies":[{"embeddable":true,"href":"https:\/\/archive.sana.sy\/es\/index.php?rest_route=%2Fwp%2Fv2%2Fcomments&post=332077"}],"version-history":[{"count":2,"href":"https:\/\/archive.sana.sy\/es\/index.php?rest_route=\/wp\/v2\/posts\/332077\/revisions"}],"predecessor-version":[{"id":332080,"href":"https:\/\/archive.sana.sy\/es\/index.php?rest_route=\/wp\/v2\/posts\/332077\/revisions\/332080"}],"wp:featuredmedia":[{"embeddable":true,"href":"https:\/\/archive.sana.sy\/es\/index.php?rest_route=\/wp\/v2\/media\/332078"}],"wp:attachment":[{"href":"https:\/\/archive.sana.sy\/es\/index.php?rest_route=%2Fwp%2Fv2%2Fmedia&parent=332077"}],"wp:term":[{"taxonomy":"category","embeddable":true,"href":"https:\/\/archive.sana.sy\/es\/index.php?rest_route=%2Fwp%2Fv2%2Fcategories&post=332077"},{"taxonomy":"post_tag","embeddable":true,"href":"https:\/\/archive.sana.sy\/es\/index.php?rest_route=%2Fwp%2Fv2%2Ftags&post=332077"}],"curies":[{"name":"wp","href":"https:\/\/api.w.org\/{rel}","templated":true}]}}