{"id":332110,"date":"2024-06-19T19:16:45","date_gmt":"2024-06-19T16:16:45","guid":{"rendered":"https:\/\/sana.sy\/es\/?p=332110"},"modified":"2024-06-19T19:16:45","modified_gmt":"2024-06-19T16:16:45","slug":"monumento-de-la-espada-de-damasco-simbolo-del-poder-y-la-gloria-de-la-civilizacion-siria-2","status":"publish","type":"post","link":"https:\/\/archive.sana.sy\/es\/?p=332110","title":{"rendered":"Monumento de la Espada de Damasco, s\u00edmbolo del poder y la gloria de la civilizaci\u00f3n siria"},"content":{"rendered":"<p style=\"text-align: justify;\"><span style=\"color: #800000;\"><strong>Damasco, 19 jun (SANA)<\/strong><\/span> El Monumento de la Espada de Damasco, ubicado en la Plaza Omeya, se considera uno de los s\u00edmbolos m\u00e1s famosos de la capital Damasco. Adem\u00e1s, fue el lema y logo de la televisi\u00f3n siria durante a\u00f1os y ha sido asociado a la Feria Internacional de Damasco.<\/p>\n<p style=\"text-align: justify;\">El Monumento fue construido en el a\u00f1o 1958 y su inauguraci\u00f3n coincidi\u00f3 con la s\u00e9ptima edici\u00f3n de la Feria Internacional de Damasco.<\/p>\n<p style=\"text-align: justify;\">Representa un testimonio hist\u00f3rico y una identidad visual enraizada en la memoria de los sirios ya que simboliza el poder y la gloria de la civilizaci\u00f3n siria.<img loading=\"lazy\" decoding=\"async\" class=\"size-medium wp-image-332111 alignright\" src=\"http:\/\/sana.sy\/es\/wp-content\/uploads\/2024\/06\/photo_2024-06-19_19-12-03-2-225x300.jpg\" alt=\"\" width=\"225\" height=\"300\" srcset=\"https:\/\/archive.sana.sy\/es\/wp-content\/uploads\/2024\/06\/photo_2024-06-19_19-12-03-2-225x300.jpg 225w, https:\/\/archive.sana.sy\/es\/wp-content\/uploads\/2024\/06\/photo_2024-06-19_19-12-03-2-113x150.jpg 113w, https:\/\/archive.sana.sy\/es\/wp-content\/uploads\/2024\/06\/photo_2024-06-19_19-12-03-2.jpg 480w\" sizes=\"(max-width: 225px) 100vw, 225px\" \/><\/p>\n<p style=\"text-align: justify;\">Cuenta con dos amplias fachadas de pl\u00e1stico en representaci\u00f3n de las banderas de los pa\u00edses participantes en la Feria Internacional de Damasco, y se ha convertido en uno de los s\u00edmbolos arquitect\u00f3nicos de la capital.<\/p>\n<p style=\"text-align: justify;\">Se le llam\u00f3 la espada de Damasco debido a su importancia hist\u00f3rica, y como s\u00edmbolo del poder sirio.<\/p>\n<p style=\"text-align: justify;\">Durante a\u00f1os, la Espada ha aparecido en numerosas publicaciones, carteles y sellos especiales de la Feria.<\/p>\n<p style=\"text-align: justify;\">El traslado de la Feria Internacional de Damasco a su nueva sede en el recinto ferial, hizo que el Monumento perdiera su funci\u00f3n principal de portar las banderas de los pa\u00edses participantes, por lo que las dos fachadas se renovaron mediante el vidrio policromado en formas geom\u00e9tricas abstractas con ornamentos que combinan entre el fuego y la rosa convirti\u00e9ndose as\u00ed el monumento en una de las mayoras fachadas de vidrio policromado en el mundo.<\/p>\n<p style=\"text-align: justify;\">fm\/as<\/p>\n","protected":false},"excerpt":{"rendered":"<p>Damasco, 19 jun (SANA) El Monumento de la Espada de Damasco, ubicado en la Plaza Omeya, se considera uno de los s\u00edmbolos m\u00e1s famosos de la capital Damasco. Adem\u00e1s, fue el lema y logo de la televisi\u00f3n siria durante a\u00f1os y ha sido asociado a la Feria Internacional de Damasco. El Monumento fue construido en &hellip;<\/p>\n","protected":false},"author":42,"featured_media":332112,"comment_status":"closed","ping_status":"closed","sticky":false,"template":"","format":"standard","meta":{"footnotes":""},"categories":[477,597,510,20724,7541],"tags":[],"class_list":["post-332110","post","type-post","status-publish","format-standard","has-post-thumbnail","","category-noticias-edulcorantes","category-cinta-de-noticias","category-arte-y-cultura","category-minuto-a-minuto","category-ultimas-noticias"],"_links":{"self":[{"href":"https:\/\/archive.sana.sy\/es\/index.php?rest_route=\/wp\/v2\/posts\/332110"}],"collection":[{"href":"https:\/\/archive.sana.sy\/es\/index.php?rest_route=\/wp\/v2\/posts"}],"about":[{"href":"https:\/\/archive.sana.sy\/es\/index.php?rest_route=\/wp\/v2\/types\/post"}],"author":[{"embeddable":true,"href":"https:\/\/archive.sana.sy\/es\/index.php?rest_route=\/wp\/v2\/users\/42"}],"replies":[{"embeddable":true,"href":"https:\/\/archive.sana.sy\/es\/index.php?rest_route=%2Fwp%2Fv2%2Fcomments&post=332110"}],"version-history":[{"count":1,"href":"https:\/\/archive.sana.sy\/es\/index.php?rest_route=\/wp\/v2\/posts\/332110\/revisions"}],"predecessor-version":[{"id":332113,"href":"https:\/\/archive.sana.sy\/es\/index.php?rest_route=\/wp\/v2\/posts\/332110\/revisions\/332113"}],"wp:featuredmedia":[{"embeddable":true,"href":"https:\/\/archive.sana.sy\/es\/index.php?rest_route=\/wp\/v2\/media\/332112"}],"wp:attachment":[{"href":"https:\/\/archive.sana.sy\/es\/index.php?rest_route=%2Fwp%2Fv2%2Fmedia&parent=332110"}],"wp:term":[{"taxonomy":"category","embeddable":true,"href":"https:\/\/archive.sana.sy\/es\/index.php?rest_route=%2Fwp%2Fv2%2Fcategories&post=332110"},{"taxonomy":"post_tag","embeddable":true,"href":"https:\/\/archive.sana.sy\/es\/index.php?rest_route=%2Fwp%2Fv2%2Ftags&post=332110"}],"curies":[{"name":"wp","href":"https:\/\/api.w.org\/{rel}","templated":true}]}}