{"id":332131,"date":"2024-06-20T09:37:47","date_gmt":"2024-06-20T06:37:47","guid":{"rendered":"https:\/\/sana.sy\/es\/?p=332131"},"modified":"2024-06-20T09:37:47","modified_gmt":"2024-06-20T06:37:47","slug":"jornada-de-yoga-en-el-historico-crac-de-los-caballeros-en-siria-fotos","status":"publish","type":"post","link":"https:\/\/archive.sana.sy\/es\/?p=332131","title":{"rendered":"Jornada de Yoga en el hist\u00f3rico Crac de los Caballeros en Siria (+fotos)"},"content":{"rendered":"<blockquote>\n<p style=\"text-align: justify;\"><strong><span style=\"color: #800000;\">El jefe del Comit\u00e9 Supremo de Yoga y Energ\u00eda, Mazen Issa, se\u00f1al\u00f3 que en Siria se practica el yoga en 76 centros de forma gratuita, bajo la supervisi\u00f3n de entrenadores especializados.<\/span><\/strong><\/p>\n<\/blockquote>\n<p style=\"text-align: justify;\"><span style=\"color: #800000;\"><strong>Homs, 20 jun (SANA)<\/strong><\/span> El Crac de los Caballeros en la provincia de Homs, a unos 250 kil\u00f3metros al noroeste de la capital Damasco, acogi\u00f3 una celebraci\u00f3n por el D\u00eda Internacional del \u201cYoga por la Paz Universal\u201d con la participaci\u00f3n de m\u00e1s de 200 personas de diferentes edades.<\/p>\n<p style=\"text-align: justify;\"><img loading=\"lazy\" decoding=\"async\" class=\"size-medium wp-image-332133 alignright\" src=\"http:\/\/sana.sy\/es\/wp-content\/uploads\/2024\/06\/photo_2024-06-19_21-10-11-300x199.jpg\" alt=\"\" width=\"300\" height=\"199\" srcset=\"https:\/\/archive.sana.sy\/es\/wp-content\/uploads\/2024\/06\/photo_2024-06-19_21-10-11-300x199.jpg 300w, https:\/\/archive.sana.sy\/es\/wp-content\/uploads\/2024\/06\/photo_2024-06-19_21-10-11-150x99.jpg 150w, https:\/\/archive.sana.sy\/es\/wp-content\/uploads\/2024\/06\/photo_2024-06-19_21-10-11-310x205.jpg 310w, https:\/\/archive.sana.sy\/es\/wp-content\/uploads\/2024\/06\/photo_2024-06-19_21-10-11.jpg 660w\" sizes=\"(max-width: 300px) 100vw, 300px\" \/><\/p>\n<p style=\"text-align: justify;\">La jornada, organizada por la Federaci\u00f3n del Deporte para Todos y el Centro Sirio de Yoga y Meditaci\u00f3n, en cooperaci\u00f3n con la Embajada de la India en Damasco, incluy\u00f3 varios ejercicios de yoga, adem\u00e1s de danzas deportivas realizadas por ni\u00f1os de la localidad de Al-Mushrifa, en la central provincia de Homs.<\/p>\n<p style=\"text-align: justify;\">El secretario provincial del Partido \u00c1rabe Socialista Al-Baath en Homs, Omar Hourieh, resalt\u00f3 las fuertes relaciones amistosas entre Siria y la India, y el simbolismo de celebrar este d\u00eda en este castillo hist\u00f3rico testigo de la civilizaci\u00f3n de los sirios y su amor por la paz.<\/p>\n<p style=\"text-align: justify;\">Mientras el c\u00f3nsul indio en Damasco, Arvint Sharma, elogi\u00f3 los esfuerzos de los responsables del yoga en Siria y destac\u00f3 la continua cooperaci\u00f3n para difundir este deporte espiritual a mayor escala.<\/p>\n<p style=\"text-align: justify;\"><img loading=\"lazy\" decoding=\"async\" class=\"size-medium wp-image-332139 alignright\" src=\"http:\/\/sana.sy\/es\/wp-content\/uploads\/2024\/06\/photo_2024-06-19_21-10-21-300x195.jpg\" alt=\"\" width=\"300\" height=\"195\" srcset=\"https:\/\/archive.sana.sy\/es\/wp-content\/uploads\/2024\/06\/photo_2024-06-19_21-10-21-300x195.jpg 300w, https:\/\/archive.sana.sy\/es\/wp-content\/uploads\/2024\/06\/photo_2024-06-19_21-10-21-150x97.jpg 150w, https:\/\/archive.sana.sy\/es\/wp-content\/uploads\/2024\/06\/photo_2024-06-19_21-10-21.jpg 660w\" sizes=\"(max-width: 300px) 100vw, 300px\" \/><\/p>\n<p style=\"text-align: justify;\">El jefe del Comit\u00e9 Supremo de Yoga y Energ\u00eda, Mazen Issa, se\u00f1al\u00f3 que en Siria se practica el yoga en 76 centros de forma gratuita, bajo la supervisi\u00f3n de entrenadores especializados.<\/p>\n<p style=\"text-align: justify;\">A su vez, la presidente de la Federaci\u00f3n del Deporte para Todos, Thanaa Muhammad, declar\u00f3 que la participaci\u00f3n de Siria desde el a\u00f1o 2015 es un mensaje de paz del pueblo sirio al mundo, a pesar de la devastaci\u00f3n y la destrucci\u00f3n que dej\u00f3 la guerra terrorista en su pa\u00eds.<\/p>\n<div id='gallery-1' class='gallery galleryid-332131 gallery-columns-1 gallery-size-full'><figure class='gallery-item'>\n\t\t\t<div class='gallery-icon landscape'>\n\t\t\t\t<a href='https:\/\/archive.sana.sy\/es\/wp-content\/uploads\/2024\/06\/photo_2024-06-19_21-10-23-scaled.jpg'><img loading=\"lazy\" decoding=\"async\" width=\"2560\" height=\"1451\" src=\"https:\/\/archive.sana.sy\/es\/wp-content\/uploads\/2024\/06\/photo_2024-06-19_21-10-23-scaled.jpg\" class=\"attachment-full size-full\" alt=\"\" srcset=\"https:\/\/archive.sana.sy\/es\/wp-content\/uploads\/2024\/06\/photo_2024-06-19_21-10-23-scaled.jpg 2560w, https:\/\/archive.sana.sy\/es\/wp-content\/uploads\/2024\/06\/photo_2024-06-19_21-10-23-300x170.jpg 300w, https:\/\/archive.sana.sy\/es\/wp-content\/uploads\/2024\/06\/photo_2024-06-19_21-10-23-1024x580.jpg 1024w, https:\/\/archive.sana.sy\/es\/wp-content\/uploads\/2024\/06\/photo_2024-06-19_21-10-23-150x85.jpg 150w, https:\/\/archive.sana.sy\/es\/wp-content\/uploads\/2024\/06\/photo_2024-06-19_21-10-23-768x435.jpg 768w, https:\/\/archive.sana.sy\/es\/wp-content\/uploads\/2024\/06\/photo_2024-06-19_21-10-23-1536x871.jpg 1536w, https:\/\/archive.sana.sy\/es\/wp-content\/uploads\/2024\/06\/photo_2024-06-19_21-10-23-2048x1161.jpg 2048w\" sizes=\"(max-width: 2560px) 100vw, 2560px\" \/><\/a>\n\t\t\t<\/div><\/figure><figure class='gallery-item'>\n\t\t\t<div class='gallery-icon landscape'>\n\t\t\t\t<a href='https:\/\/archive.sana.sy\/es\/wp-content\/uploads\/2024\/06\/photo_2024-06-19_21-10-35-scaled.jpg'><img loading=\"lazy\" decoding=\"async\" width=\"2560\" height=\"1574\" src=\"https:\/\/archive.sana.sy\/es\/wp-content\/uploads\/2024\/06\/photo_2024-06-19_21-10-35-scaled.jpg\" class=\"attachment-full size-full\" alt=\"\" srcset=\"https:\/\/archive.sana.sy\/es\/wp-content\/uploads\/2024\/06\/photo_2024-06-19_21-10-35-scaled.jpg 2560w, https:\/\/archive.sana.sy\/es\/wp-content\/uploads\/2024\/06\/photo_2024-06-19_21-10-35-300x184.jpg 300w, https:\/\/archive.sana.sy\/es\/wp-content\/uploads\/2024\/06\/photo_2024-06-19_21-10-35-1024x629.jpg 1024w, https:\/\/archive.sana.sy\/es\/wp-content\/uploads\/2024\/06\/photo_2024-06-19_21-10-35-150x92.jpg 150w, https:\/\/archive.sana.sy\/es\/wp-content\/uploads\/2024\/06\/photo_2024-06-19_21-10-35-768x472.jpg 768w, https:\/\/archive.sana.sy\/es\/wp-content\/uploads\/2024\/06\/photo_2024-06-19_21-10-35-1536x944.jpg 1536w, https:\/\/archive.sana.sy\/es\/wp-content\/uploads\/2024\/06\/photo_2024-06-19_21-10-35-2048x1259.jpg 2048w\" sizes=\"(max-width: 2560px) 100vw, 2560px\" \/><\/a>\n\t\t\t<\/div><\/figure><figure class='gallery-item'>\n\t\t\t<div class='gallery-icon landscape'>\n\t\t\t\t<a href='https:\/\/archive.sana.sy\/es\/wp-content\/uploads\/2024\/06\/photo_2024-06-19_21-10-39-scaled.jpg'><img loading=\"lazy\" decoding=\"async\" width=\"2560\" height=\"1612\" src=\"https:\/\/archive.sana.sy\/es\/wp-content\/uploads\/2024\/06\/photo_2024-06-19_21-10-39-scaled.jpg\" class=\"attachment-full size-full\" alt=\"\" srcset=\"https:\/\/archive.sana.sy\/es\/wp-content\/uploads\/2024\/06\/photo_2024-06-19_21-10-39-scaled.jpg 2560w, https:\/\/archive.sana.sy\/es\/wp-content\/uploads\/2024\/06\/photo_2024-06-19_21-10-39-300x189.jpg 300w, https:\/\/archive.sana.sy\/es\/wp-content\/uploads\/2024\/06\/photo_2024-06-19_21-10-39-1024x645.jpg 1024w, https:\/\/archive.sana.sy\/es\/wp-content\/uploads\/2024\/06\/photo_2024-06-19_21-10-39-150x94.jpg 150w, https:\/\/archive.sana.sy\/es\/wp-content\/uploads\/2024\/06\/photo_2024-06-19_21-10-39-768x484.jpg 768w, https:\/\/archive.sana.sy\/es\/wp-content\/uploads\/2024\/06\/photo_2024-06-19_21-10-39-1536x967.jpg 1536w, https:\/\/archive.sana.sy\/es\/wp-content\/uploads\/2024\/06\/photo_2024-06-19_21-10-39-2048x1290.jpg 2048w\" sizes=\"(max-width: 2560px) 100vw, 2560px\" \/><\/a>\n\t\t\t<\/div><\/figure><figure class='gallery-item'>\n\t\t\t<div class='gallery-icon landscape'>\n\t\t\t\t<a href='https:\/\/archive.sana.sy\/es\/wp-content\/uploads\/2024\/06\/photo_2024-06-19_21-10-44-scaled.jpg'><img loading=\"lazy\" decoding=\"async\" width=\"2560\" height=\"1628\" src=\"https:\/\/archive.sana.sy\/es\/wp-content\/uploads\/2024\/06\/photo_2024-06-19_21-10-44-scaled.jpg\" class=\"attachment-full size-full\" alt=\"\" srcset=\"https:\/\/archive.sana.sy\/es\/wp-content\/uploads\/2024\/06\/photo_2024-06-19_21-10-44-scaled.jpg 2560w, https:\/\/archive.sana.sy\/es\/wp-content\/uploads\/2024\/06\/photo_2024-06-19_21-10-44-300x191.jpg 300w, https:\/\/archive.sana.sy\/es\/wp-content\/uploads\/2024\/06\/photo_2024-06-19_21-10-44-1024x651.jpg 1024w, https:\/\/archive.sana.sy\/es\/wp-content\/uploads\/2024\/06\/photo_2024-06-19_21-10-44-150x95.jpg 150w, https:\/\/archive.sana.sy\/es\/wp-content\/uploads\/2024\/06\/photo_2024-06-19_21-10-44-768x488.jpg 768w, https:\/\/archive.sana.sy\/es\/wp-content\/uploads\/2024\/06\/photo_2024-06-19_21-10-44-1536x977.jpg 1536w, https:\/\/archive.sana.sy\/es\/wp-content\/uploads\/2024\/06\/photo_2024-06-19_21-10-44-2048x1302.jpg 2048w\" sizes=\"(max-width: 2560px) 100vw, 2560px\" \/><\/a>\n\t\t\t<\/div><\/figure><figure class='gallery-item'>\n\t\t\t<div class='gallery-icon landscape'>\n\t\t\t\t<a href='https:\/\/archive.sana.sy\/es\/wp-content\/uploads\/2024\/06\/photo_2024-06-19_21-10-47-scaled.jpg'><img loading=\"lazy\" decoding=\"async\" width=\"2560\" height=\"1736\" src=\"https:\/\/archive.sana.sy\/es\/wp-content\/uploads\/2024\/06\/photo_2024-06-19_21-10-47-scaled.jpg\" class=\"attachment-full size-full\" alt=\"\" srcset=\"https:\/\/archive.sana.sy\/es\/wp-content\/uploads\/2024\/06\/photo_2024-06-19_21-10-47-scaled.jpg 2560w, https:\/\/archive.sana.sy\/es\/wp-content\/uploads\/2024\/06\/photo_2024-06-19_21-10-47-300x203.jpg 300w, https:\/\/archive.sana.sy\/es\/wp-content\/uploads\/2024\/06\/photo_2024-06-19_21-10-47-1024x694.jpg 1024w, https:\/\/archive.sana.sy\/es\/wp-content\/uploads\/2024\/06\/photo_2024-06-19_21-10-47-150x102.jpg 150w, https:\/\/archive.sana.sy\/es\/wp-content\/uploads\/2024\/06\/photo_2024-06-19_21-10-47-768x521.jpg 768w, https:\/\/archive.sana.sy\/es\/wp-content\/uploads\/2024\/06\/photo_2024-06-19_21-10-47-1536x1041.jpg 1536w, https:\/\/archive.sana.sy\/es\/wp-content\/uploads\/2024\/06\/photo_2024-06-19_21-10-47-2048x1388.jpg 2048w, https:\/\/archive.sana.sy\/es\/wp-content\/uploads\/2024\/06\/photo_2024-06-19_21-10-47-110x75.jpg 110w\" sizes=\"(max-width: 2560px) 100vw, 2560px\" \/><\/a>\n\t\t\t<\/div><\/figure>\n\t\t<\/div>\n\n<p style=\"text-align: justify;\"><strong>ws\/rr<\/strong><\/p>\n","protected":false},"excerpt":{"rendered":"<p>El jefe del Comit\u00e9 Supremo de Yoga y Energ\u00eda, Mazen Issa, se\u00f1al\u00f3 que en Siria se practica el yoga en 76 centros de forma gratuita, bajo la supervisi\u00f3n de entrenadores especializados. Homs, 20 jun (SANA) El Crac de los Caballeros en la provincia de Homs, a unos 250 kil\u00f3metros al noroeste de la capital Damasco, &hellip;<\/p>\n","protected":false},"author":35,"featured_media":332132,"comment_status":"closed","ping_status":"closed","sticky":false,"template":"","format":"standard","meta":{"footnotes":""},"categories":[597,510,20724,476,7541],"tags":[],"class_list":["post-332131","post","type-post","status-publish","format-standard","has-post-thumbnail","","category-cinta-de-noticias","category-arte-y-cultura","category-minuto-a-minuto","category-locales","category-ultimas-noticias"],"_links":{"self":[{"href":"https:\/\/archive.sana.sy\/es\/index.php?rest_route=\/wp\/v2\/posts\/332131"}],"collection":[{"href":"https:\/\/archive.sana.sy\/es\/index.php?rest_route=\/wp\/v2\/posts"}],"about":[{"href":"https:\/\/archive.sana.sy\/es\/index.php?rest_route=\/wp\/v2\/types\/post"}],"author":[{"embeddable":true,"href":"https:\/\/archive.sana.sy\/es\/index.php?rest_route=\/wp\/v2\/users\/35"}],"replies":[{"embeddable":true,"href":"https:\/\/archive.sana.sy\/es\/index.php?rest_route=%2Fwp%2Fv2%2Fcomments&post=332131"}],"version-history":[{"count":1,"href":"https:\/\/archive.sana.sy\/es\/index.php?rest_route=\/wp\/v2\/posts\/332131\/revisions"}],"predecessor-version":[{"id":332140,"href":"https:\/\/archive.sana.sy\/es\/index.php?rest_route=\/wp\/v2\/posts\/332131\/revisions\/332140"}],"wp:featuredmedia":[{"embeddable":true,"href":"https:\/\/archive.sana.sy\/es\/index.php?rest_route=\/wp\/v2\/media\/332132"}],"wp:attachment":[{"href":"https:\/\/archive.sana.sy\/es\/index.php?rest_route=%2Fwp%2Fv2%2Fmedia&parent=332131"}],"wp:term":[{"taxonomy":"category","embeddable":true,"href":"https:\/\/archive.sana.sy\/es\/index.php?rest_route=%2Fwp%2Fv2%2Fcategories&post=332131"},{"taxonomy":"post_tag","embeddable":true,"href":"https:\/\/archive.sana.sy\/es\/index.php?rest_route=%2Fwp%2Fv2%2Ftags&post=332131"}],"curies":[{"name":"wp","href":"https:\/\/api.w.org\/{rel}","templated":true}]}}