{"id":33214,"date":"2015-11-10T19:41:57","date_gmt":"2015-11-10T17:41:57","guid":{"rendered":"http:\/\/sana.sy\/es\/?p=33214"},"modified":"2015-11-10T19:43:12","modified_gmt":"2015-11-10T17:43:12","slug":"siria-denuncia-en-una-carta-a-la-onu-ataques-terroristas-contra-la-ciudad-de-latakia","status":"publish","type":"post","link":"https:\/\/archive.sana.sy\/es\/?p=33214","title":{"rendered":"Siria denuncia en una carta a la ONU ataques terroristas contra la ciudad de Latakia"},"content":{"rendered":"<p style=\"text-align: justify\"><span style=\"color: #800000\">Damasco, SANA<\/span><\/p>\n<p style=\"text-align: justify\">La Canciller\u00eda dirigi\u00f3 este martes una carta tanto al Secretario General de la ONU como al Presidente del Consejo de Seguridad Internacional en la cual denunci\u00f3 en\u00e9rgicamente los ataques terroristas libradas hoy el martes contra la ciudad siria de Latakia, que se cobraron la vida y dejaron heridos a decenas de inocentes.<\/p>\n<p style=\"text-align: justify\">En su carta, la Canciller\u00eda denunci\u00f3 que estos ataques forman parte de la serie de cr\u00edmenes terroristas que sufren los civiles en las ciudades y los pueblos sirios desde hace m\u00e1s de cuatro a\u00f1os.<\/p>\n<p style=\"text-align: justify\">Canciller\u00eda exigi\u00f3 al Consejo de Seguridad de la ONU que adopte medidas disuasorias e inmediatas contra los pa\u00edses que patrocinan al terrorismo a fin de preservar la seguridad y paz tanto en la regi\u00f3n como en el mundo entero.<\/p>\n<p style=\"text-align: justify\">El Ministerio hizo hincapi\u00e9 en que a medida que el gobierno sirio reitera su determinaci\u00f3n decisi\u00f3n de combatir el terrorismo y proteger a su pueblo, una vez m\u00e1s pide al Consejo de Seguridad para denunciar el ataque terrorista contra Latakia y asumir sus responsabilidades en la lucha contra el terrorismo mediante la aplicaci\u00f3n de sus resoluciones relativas la lucha contra el terrorismo.<\/p>\n<p style=\"text-align: justify\">De acuerdo con el ministerio, Siria exige la necesidad de que los Estados cumplan con sus obligaciones morales y legales para combatir el terrorismo.<\/p>\n<p>Lynn A., M.Miri<\/p>\n","protected":false},"excerpt":{"rendered":"<p>Damasco, SANA La Canciller\u00eda dirigi\u00f3 este martes una carta tanto al Secretario General de la ONU como al Presidente del Consejo de Seguridad Internacional en la cual denunci\u00f3 en\u00e9rgicamente los ataques terroristas libradas hoy el martes contra la ciudad siria de Latakia, que se cobraron la vida y dejaron heridos a decenas de inocentes. En &hellip;<\/p>\n","protected":false},"author":24,"featured_media":29608,"comment_status":"closed","ping_status":"closed","sticky":false,"template":"","format":"standard","meta":{"footnotes":""},"categories":[477,597,476,576],"tags":[7332],"class_list":["post-33214","post","type-post","status-publish","format-standard","has-post-thumbnail","","category-noticias-edulcorantes","category-cinta-de-noticias","category-locales","category-noticias-politicas","tag-siria-denuncia-en-una-carta-a-la-onu-ataques-terroristas-contra-la-ciudad-de-latakia"],"_links":{"self":[{"href":"https:\/\/archive.sana.sy\/es\/index.php?rest_route=\/wp\/v2\/posts\/33214"}],"collection":[{"href":"https:\/\/archive.sana.sy\/es\/index.php?rest_route=\/wp\/v2\/posts"}],"about":[{"href":"https:\/\/archive.sana.sy\/es\/index.php?rest_route=\/wp\/v2\/types\/post"}],"author":[{"embeddable":true,"href":"https:\/\/archive.sana.sy\/es\/index.php?rest_route=\/wp\/v2\/users\/24"}],"replies":[{"embeddable":true,"href":"https:\/\/archive.sana.sy\/es\/index.php?rest_route=%2Fwp%2Fv2%2Fcomments&post=33214"}],"version-history":[{"count":0,"href":"https:\/\/archive.sana.sy\/es\/index.php?rest_route=\/wp\/v2\/posts\/33214\/revisions"}],"wp:featuredmedia":[{"embeddable":true,"href":"https:\/\/archive.sana.sy\/es\/index.php?rest_route=\/wp\/v2\/media\/29608"}],"wp:attachment":[{"href":"https:\/\/archive.sana.sy\/es\/index.php?rest_route=%2Fwp%2Fv2%2Fmedia&parent=33214"}],"wp:term":[{"taxonomy":"category","embeddable":true,"href":"https:\/\/archive.sana.sy\/es\/index.php?rest_route=%2Fwp%2Fv2%2Fcategories&post=33214"},{"taxonomy":"post_tag","embeddable":true,"href":"https:\/\/archive.sana.sy\/es\/index.php?rest_route=%2Fwp%2Fv2%2Ftags&post=33214"}],"curies":[{"name":"wp","href":"https:\/\/api.w.org\/{rel}","templated":true}]}}