{"id":332141,"date":"2024-06-20T09:54:18","date_gmt":"2024-06-20T06:54:18","guid":{"rendered":"https:\/\/sana.sy\/es\/?p=332141"},"modified":"2024-06-20T09:57:35","modified_gmt":"2024-06-20T06:57:35","slug":"comision-de-la-onu-confirma-que-israel-cometio-crimenes-de-guerra-y-lesa-humanidad-en-gaza","status":"publish","type":"post","link":"https:\/\/archive.sana.sy\/es\/?p=332141","title":{"rendered":"Comisi\u00f3n de la ONU confirma que \u201cIsrael\u201d cometi\u00f3 cr\u00edmenes de guerra y lesa humanidad en Gaza"},"content":{"rendered":"<p style=\"text-align: justify;\"><span style=\"color: #800000;\"><strong>Ginebra, 20 jun (SANA)\u00a0<\/strong> <\/span>\u00a0La Comisi\u00f3n Internacional Independiente de las Naciones Unidas encargada de investigar los cr\u00edmenes cometidos en los territorios palestinos ocupados, anunci\u00f3 que \u201cIsrael\u201d mat\u00f3 y mutil\u00f3 a decenas de miles de ni\u00f1os en la Franja de Gaza y es responsable de cr\u00edmenes de guerra y de lesa humanidad.<br \/>\n<img loading=\"lazy\" decoding=\"async\" class=\"size-medium wp-image-332143 alignright\" src=\"http:\/\/sana.sy\/es\/wp-content\/uploads\/2024\/06\/photo_2024-06-20_09-52-04-2-300x200.jpg\" alt=\"\" width=\"300\" height=\"200\" srcset=\"https:\/\/archive.sana.sy\/es\/wp-content\/uploads\/2024\/06\/photo_2024-06-20_09-52-04-2-300x200.jpg 300w, https:\/\/archive.sana.sy\/es\/wp-content\/uploads\/2024\/06\/photo_2024-06-20_09-52-04-2-150x100.jpg 150w, https:\/\/archive.sana.sy\/es\/wp-content\/uploads\/2024\/06\/photo_2024-06-20_09-52-04-2.jpg 414w\" sizes=\"(max-width: 300px) 100vw, 300px\" \/><br \/>\nDurante una reuni\u00f3n para debatir el informe del comit\u00e9 al margen de la 56\u00aa sesi\u00f3n del Consejo de Derechos Humanos de las Naciones Unidas en Ginebra, la jefa del comit\u00e9, Navi Pillay, dijo: &#8220;Israel atac\u00f3 deliberadamente a civiles en zonas densamente pobladas y el n\u00famero de v\u00edctimas civiles en Gaza y la destrucci\u00f3n masiva de infraestructuras es el resultado de una pol\u00edtica deliberada seguida por Israel\u201d.<\/p>\n<p style=\"text-align: justify;\">\u201cEstamos conmocionados por el sufrimiento humano y pedimos un alto el fuego inmediato\u201d, dijo Pillay.<\/p>\n<p style=\"text-align: justify;\">Por otro lado, una investigaci\u00f3n de Naciones Unidas comprob\u00f3 que los bombarderos militares de Israel en Gaza violan sistem\u00e1ticamente las leyes de la guerra al usar municiones enormemente poderosas y omitir la distinci\u00f3n entre combatientes y civiles.<\/p>\n<p style=\"text-align: justify;\">El informe divulgado por la Oficina de Derechos Humanos del organismo analiz\u00f3 seis ataques de la ofensiva israel\u00ed considerados \u201cemblem\u00e1ticos\u201d de sus t\u00e1cticas en el actual conflicto, que implicaron el uso de bombas de hasta dos mil libras en edificios residenciales, una escuela, campos de refugiados y un mercado.<\/p>\n<p style=\"text-align: justify;\">Para estas agresiones se usaron municiones de cerca de 3,4 metros junto con versiones m\u00e1s peque\u00f1as que causaron 218 muertes confirmadas entre el 9 de octubre y el 2 de diciembre de 2023.<\/p>\n<p style=\"text-align: justify;\">Otros datos de las propias Fuerzas de Defensa de Israel citados en el reporte revelaron que, a mediados de noviembre de 2023, la Fuerza A\u00e9rea hab\u00eda atacado m\u00e1s de cinco mil objetivos para \u201celiminar amenazas en tiempo real\u201d luego de un mes de ofensiva sobre el enclave.<\/p>\n<p style=\"text-align: justify;\">Para entonces, las autoridades sanitarias de Gaza hab\u00edan documentado la muerte de m\u00e1s de 11 mil palestinos, dos mil 700 desaparecidos y cerca de 27 mil 500 heridos.<\/p>\n<p style=\"text-align: justify;\"><strong><span style=\"color: #800000;\">fm\/ws<\/span><\/strong><\/p>\n","protected":false},"excerpt":{"rendered":"<p>Ginebra, 20 jun (SANA)\u00a0 \u00a0La Comisi\u00f3n Internacional Independiente de las Naciones Unidas encargada de investigar los cr\u00edmenes cometidos en los territorios palestinos ocupados, anunci\u00f3 que \u201cIsrael\u201d mat\u00f3 y mutil\u00f3 a decenas de miles de ni\u00f1os en la Franja de Gaza y es responsable de cr\u00edmenes de guerra y de lesa humanidad. Durante una reuni\u00f3n para &hellip;<\/p>\n","protected":false},"author":35,"featured_media":332142,"comment_status":"closed","ping_status":"closed","sticky":false,"template":"","format":"standard","meta":{"footnotes":""},"categories":[597,456,16687,20724,583],"tags":[],"class_list":["post-332141","post","type-post","status-publish","format-standard","has-post-thumbnail","","category-cinta-de-noticias","category-arabe-internacional-politica","category-internacionales","category-minuto-a-minuto","category-slide"],"_links":{"self":[{"href":"https:\/\/archive.sana.sy\/es\/index.php?rest_route=\/wp\/v2\/posts\/332141"}],"collection":[{"href":"https:\/\/archive.sana.sy\/es\/index.php?rest_route=\/wp\/v2\/posts"}],"about":[{"href":"https:\/\/archive.sana.sy\/es\/index.php?rest_route=\/wp\/v2\/types\/post"}],"author":[{"embeddable":true,"href":"https:\/\/archive.sana.sy\/es\/index.php?rest_route=\/wp\/v2\/users\/35"}],"replies":[{"embeddable":true,"href":"https:\/\/archive.sana.sy\/es\/index.php?rest_route=%2Fwp%2Fv2%2Fcomments&post=332141"}],"version-history":[{"count":2,"href":"https:\/\/archive.sana.sy\/es\/index.php?rest_route=\/wp\/v2\/posts\/332141\/revisions"}],"predecessor-version":[{"id":332145,"href":"https:\/\/archive.sana.sy\/es\/index.php?rest_route=\/wp\/v2\/posts\/332141\/revisions\/332145"}],"wp:featuredmedia":[{"embeddable":true,"href":"https:\/\/archive.sana.sy\/es\/index.php?rest_route=\/wp\/v2\/media\/332142"}],"wp:attachment":[{"href":"https:\/\/archive.sana.sy\/es\/index.php?rest_route=%2Fwp%2Fv2%2Fmedia&parent=332141"}],"wp:term":[{"taxonomy":"category","embeddable":true,"href":"https:\/\/archive.sana.sy\/es\/index.php?rest_route=%2Fwp%2Fv2%2Fcategories&post=332141"},{"taxonomy":"post_tag","embeddable":true,"href":"https:\/\/archive.sana.sy\/es\/index.php?rest_route=%2Fwp%2Fv2%2Ftags&post=332141"}],"curies":[{"name":"wp","href":"https:\/\/api.w.org\/{rel}","templated":true}]}}