{"id":332158,"date":"2024-06-20T13:32:16","date_gmt":"2024-06-20T10:32:16","guid":{"rendered":"https:\/\/sana.sy\/es\/?p=332158"},"modified":"2024-06-20T13:32:16","modified_gmt":"2024-06-20T10:32:16","slug":"ataque-israeli-con-dron-deja-muerta-a-una-persona-en-el-sur-del-libano","status":"publish","type":"post","link":"https:\/\/archive.sana.sy\/es\/?p=332158","title":{"rendered":"Ataque israel\u00ed con dron deja muerta a una persona en el sur del L\u00edbano"},"content":{"rendered":"<p style=\"text-align: justify;\"><span style=\"color: #800000;\"><strong>Beirut, 20 jun (SANA)\u00a0<\/strong><\/span> \u00a0Una persona perdi\u00f3 la vida en una incursi\u00f3n llevada a cabo por un dron israel\u00ed en la localidad de Deir Kifa, en el municipio de Tiro, en el sur del L\u00edbano.<\/p>\n<p>La agencia nacional libanesa de noticias inform\u00f3 que el veh\u00edculo a\u00e9reo no tripulado atac\u00f3 con cuatro misiles un coche en la carretera entre Deir Kifa y Srifa, provocando la muerte de una persona.<\/p>\n<p>Se\u00f1al\u00f3 que los equipos de ambulancias se dirigieron inmediatamente al lugar.<\/p>\n<p>El lunes \u00faltimo, una persona pereci\u00f3 por un ataque de un dron israel\u00ed en la carretera Shihabiya-Selaa en el sur del L\u00edbano.<\/p>\n<p><span style=\"color: #800000;\"><strong>fm\/ws<\/strong><\/span><\/p>\n","protected":false},"excerpt":{"rendered":"<p>Beirut, 20 jun (SANA)\u00a0 \u00a0Una persona perdi\u00f3 la vida en una incursi\u00f3n llevada a cabo por un dron israel\u00ed en la localidad de Deir Kifa, en el municipio de Tiro, en el sur del L\u00edbano. La agencia nacional libanesa de noticias inform\u00f3 que el veh\u00edculo a\u00e9reo no tripulado atac\u00f3 con cuatro misiles un coche en &hellip;<\/p>\n","protected":false},"author":35,"featured_media":332159,"comment_status":"closed","ping_status":"closed","sticky":false,"template":"","format":"standard","meta":{"footnotes":""},"categories":[597,456,16687,7541],"tags":[],"class_list":["post-332158","post","type-post","status-publish","format-standard","has-post-thumbnail","","category-cinta-de-noticias","category-arabe-internacional-politica","category-internacionales","category-ultimas-noticias"],"_links":{"self":[{"href":"https:\/\/archive.sana.sy\/es\/index.php?rest_route=\/wp\/v2\/posts\/332158"}],"collection":[{"href":"https:\/\/archive.sana.sy\/es\/index.php?rest_route=\/wp\/v2\/posts"}],"about":[{"href":"https:\/\/archive.sana.sy\/es\/index.php?rest_route=\/wp\/v2\/types\/post"}],"author":[{"embeddable":true,"href":"https:\/\/archive.sana.sy\/es\/index.php?rest_route=\/wp\/v2\/users\/35"}],"replies":[{"embeddable":true,"href":"https:\/\/archive.sana.sy\/es\/index.php?rest_route=%2Fwp%2Fv2%2Fcomments&post=332158"}],"version-history":[{"count":1,"href":"https:\/\/archive.sana.sy\/es\/index.php?rest_route=\/wp\/v2\/posts\/332158\/revisions"}],"predecessor-version":[{"id":332160,"href":"https:\/\/archive.sana.sy\/es\/index.php?rest_route=\/wp\/v2\/posts\/332158\/revisions\/332160"}],"wp:featuredmedia":[{"embeddable":true,"href":"https:\/\/archive.sana.sy\/es\/index.php?rest_route=\/wp\/v2\/media\/332159"}],"wp:attachment":[{"href":"https:\/\/archive.sana.sy\/es\/index.php?rest_route=%2Fwp%2Fv2%2Fmedia&parent=332158"}],"wp:term":[{"taxonomy":"category","embeddable":true,"href":"https:\/\/archive.sana.sy\/es\/index.php?rest_route=%2Fwp%2Fv2%2Fcategories&post=332158"},{"taxonomy":"post_tag","embeddable":true,"href":"https:\/\/archive.sana.sy\/es\/index.php?rest_route=%2Fwp%2Fv2%2Ftags&post=332158"}],"curies":[{"name":"wp","href":"https:\/\/api.w.org\/{rel}","templated":true}]}}