{"id":33216,"date":"2015-11-10T19:12:25","date_gmt":"2015-11-10T17:12:25","guid":{"rendered":"http:\/\/sana.sy\/es\/?p=33216"},"modified":"2023-01-10T15:17:14","modified_gmt":"2023-01-10T13:17:14","slug":"siria-y-bielorrusia-abordan-la-cooperacion-en-el-sector-electrico","status":"publish","type":"post","link":"https:\/\/archive.sana.sy\/es\/?p=33216","title":{"rendered":"Siria y Bielorrusia abordan la cooperaci\u00f3n en el sector el\u00e9ctrico"},"content":{"rendered":"<p style=\"text-align: justify\"><span style=\"color: #800000\">Damasco, SANA<\/span>&#8211; Ministro de Electricidad Imad Jamis, y el embajador de Bielorrusia en Damasco Alexander Ponomarev, discutieron el martes, los medios para impulsar la cooperaci\u00f3n bilateral en el campo de la energ\u00eda el\u00e9ctrica.<\/p>\n<p style=\"text-align: justify\">Jamis dijo que el gobierno sirio est\u00e1 a la espera de desarrollar la cooperaci\u00f3n con Bielorrusia en \u00e1mbitos pol\u00edticos y econ\u00f3micos de una manera que contribuya al proceso de reconstrucci\u00f3n en Siria.<\/p>\n<p style=\"text-align: justify\">El Ministro manifest\u00f3 la situaci\u00f3n del sector de energ\u00eda el\u00e9ctrica en Siria y los da\u00f1os que sufri\u00f3 el sector a manos de grupos terroristas, as\u00ed como los esfuerzos excepcionales de trabajadores del Ministerio para mantener este sector en funci\u00f3n y preservar su infraestructura.<\/p>\n<p style=\"text-align: justify\">Por su parte, el ministro explic\u00f3 que hay una visi\u00f3n estrat\u00e9gica para el sector el\u00e9ctrico que planea todo el camino hasta el a\u00f1o 2030, que incluyen grandes inversiones por valor de m\u00e1s de 20 millones de euros.<\/p>\n<p style=\"text-align: justify\">Jamis tambi\u00e9n dijo que la cooperaci\u00f3n con Bielorrusia en el sector el\u00e9ctrico se iniciar\u00e1 con los transformadores de potencia, y planes futuros para la construcci\u00f3n de una planta para la fabricaci\u00f3n, con el objetivo final de tener la producci\u00f3n local de las industrias de energ\u00eda el\u00e9ctrica. Tambi\u00e9n invit\u00f3 a los empresarios bielorrusos para invertir en el sector energ\u00e9tico en Siria.<\/p>\n<p style=\"text-align: justify\">Por su parte, Ponomarev dijo que una delegaci\u00f3n de Bielorrusia visitar\u00e1 Siria pronto y ser\u00e1 presidido por el director general de una empresa que fabrica transformadores de potencia, y se discutir\u00e1 la cooperaci\u00f3n en este campo durante la visita.<\/p>\n<p style=\"text-align: justify\">El funcionario bielorruso agreg\u00f3 que la cooperaci\u00f3n con Siria en el sector de energ\u00eda ser\u00e1 una tarea a largo plazo que se extender\u00e1 durante los pr\u00f3ximos cinco a\u00f1os.<\/p>\n<p>M.Miri<\/p>\n","protected":false},"excerpt":{"rendered":"<p>Damasco, SANA&#8211; Ministro de Electricidad Imad Jamis, y el embajador de Bielorrusia en Damasco Alexander Ponomarev, discutieron el martes, los medios para impulsar la cooperaci\u00f3n bilateral en el campo de la energ\u00eda el\u00e9ctrica. Jamis dijo que el gobierno sirio est\u00e1 a la espera de desarrollar la cooperaci\u00f3n con Bielorrusia en \u00e1mbitos pol\u00edticos y econ\u00f3micos de &hellip;<\/p>\n","protected":false},"author":1,"featured_media":33218,"comment_status":"closed","ping_status":"closed","sticky":false,"template":"","format":"standard","meta":{"footnotes":""},"categories":[477,485,476],"tags":[7329],"class_list":["post-33216","post","type-post","status-publish","format-standard","has-post-thumbnail","","category-noticias-edulcorantes","category-informes-negocios-y-finanzas","category-locales","tag-siria-y-bielorrusia-abordan-la-cooperacion-en-el-sector-electrico"],"_links":{"self":[{"href":"https:\/\/archive.sana.sy\/es\/index.php?rest_route=\/wp\/v2\/posts\/33216"}],"collection":[{"href":"https:\/\/archive.sana.sy\/es\/index.php?rest_route=\/wp\/v2\/posts"}],"about":[{"href":"https:\/\/archive.sana.sy\/es\/index.php?rest_route=\/wp\/v2\/types\/post"}],"author":[{"embeddable":true,"href":"https:\/\/archive.sana.sy\/es\/index.php?rest_route=\/wp\/v2\/users\/1"}],"replies":[{"embeddable":true,"href":"https:\/\/archive.sana.sy\/es\/index.php?rest_route=%2Fwp%2Fv2%2Fcomments&post=33216"}],"version-history":[{"count":0,"href":"https:\/\/archive.sana.sy\/es\/index.php?rest_route=\/wp\/v2\/posts\/33216\/revisions"}],"wp:featuredmedia":[{"embeddable":true,"href":"https:\/\/archive.sana.sy\/es\/index.php?rest_route=\/wp\/v2\/media\/33218"}],"wp:attachment":[{"href":"https:\/\/archive.sana.sy\/es\/index.php?rest_route=%2Fwp%2Fv2%2Fmedia&parent=33216"}],"wp:term":[{"taxonomy":"category","embeddable":true,"href":"https:\/\/archive.sana.sy\/es\/index.php?rest_route=%2Fwp%2Fv2%2Fcategories&post=33216"},{"taxonomy":"post_tag","embeddable":true,"href":"https:\/\/archive.sana.sy\/es\/index.php?rest_route=%2Fwp%2Fv2%2Ftags&post=33216"}],"curies":[{"name":"wp","href":"https:\/\/api.w.org\/{rel}","templated":true}]}}