{"id":332161,"date":"2024-06-20T13:39:42","date_gmt":"2024-06-20T10:39:42","guid":{"rendered":"https:\/\/sana.sy\/es\/?p=332161"},"modified":"2024-06-20T13:39:42","modified_gmt":"2024-06-20T10:39:42","slug":"el-pueblo-sirio-sufre-de-las-sanciones-unilaterales-impuestas-por-occidente-afirma-filippi","status":"publish","type":"post","link":"https:\/\/archive.sana.sy\/es\/?p=332161","title":{"rendered":"El pueblo sirio sufre de las sanciones unilaterales impuestas por Occidente, afirma Filippi"},"content":{"rendered":"<blockquote>\n<p style=\"text-align: justify;\"><strong><span style=\"color: #800000;\">La exembajadora checa en Siria consider\u00f3 que mejorar la situaci\u00f3n en Siria es un inter\u00e9s europeo y regional, y precis\u00f3 que los sirios est\u00e1n insatisfechos con la forma en que Europa trata con ellos, porque contribuy\u00f3, junto con Estados Unidos, a la destrucci\u00f3n de su pa\u00eds.<\/span><\/strong><\/p>\n<\/blockquote>\n<p style=\"text-align: justify;\"><span style=\"color: #800000;\"><strong>Praga, 20 jun (SANA)\u00a0<\/strong><\/span> La exembajadora checa en Siria, Eva Filippi, afirm\u00f3 hoy que las sanciones occidentales impuestas a Siria afectan a todos los sectores y causan sufrimiento del pueblo.<\/p>\n<p>En una entrevista con la radio checa Univerzoom, la ex diplom\u00e1tica consider\u00f3 que es necesario restablecer las relaciones diplom\u00e1ticas y econ\u00f3micas con Siria y trabajar para brindarle asistencia para la reconstrucci\u00f3n y mejorar la situaci\u00f3n de la poblaci\u00f3n.<\/p>\n<p style=\"text-align: justify;\">Filippi se\u00f1al\u00f3 que mejorar la situaci\u00f3n en Siria es un inter\u00e9s europeo y regional, y que los sirios est\u00e1n insatisfechos con la forma en que Europa trata con ellos, porque contribuy\u00f3, junto con Estados Unidos, a la destrucci\u00f3n de su pa\u00eds.<\/p>\n<p><span style=\"color: #800000;\"><strong>fm\/ws<\/strong><\/span><\/p>\n","protected":false},"excerpt":{"rendered":"<p>La exembajadora checa en Siria consider\u00f3 que mejorar la situaci\u00f3n en Siria es un inter\u00e9s europeo y regional, y precis\u00f3 que los sirios est\u00e1n insatisfechos con la forma en que Europa trata con ellos, porque contribuy\u00f3, junto con Estados Unidos, a la destrucci\u00f3n de su pa\u00eds. Praga, 20 jun (SANA)\u00a0 La exembajadora checa en Siria, &hellip;<\/p>\n","protected":false},"author":35,"featured_media":332162,"comment_status":"closed","ping_status":"closed","sticky":false,"template":"","format":"standard","meta":{"footnotes":""},"categories":[597,20724,467,7541],"tags":[],"class_list":["post-332161","post","type-post","status-publish","format-standard","has-post-thumbnail","","category-cinta-de-noticias","category-minuto-a-minuto","category-siria-y-el-mundo","category-ultimas-noticias"],"_links":{"self":[{"href":"https:\/\/archive.sana.sy\/es\/index.php?rest_route=\/wp\/v2\/posts\/332161"}],"collection":[{"href":"https:\/\/archive.sana.sy\/es\/index.php?rest_route=\/wp\/v2\/posts"}],"about":[{"href":"https:\/\/archive.sana.sy\/es\/index.php?rest_route=\/wp\/v2\/types\/post"}],"author":[{"embeddable":true,"href":"https:\/\/archive.sana.sy\/es\/index.php?rest_route=\/wp\/v2\/users\/35"}],"replies":[{"embeddable":true,"href":"https:\/\/archive.sana.sy\/es\/index.php?rest_route=%2Fwp%2Fv2%2Fcomments&post=332161"}],"version-history":[{"count":1,"href":"https:\/\/archive.sana.sy\/es\/index.php?rest_route=\/wp\/v2\/posts\/332161\/revisions"}],"predecessor-version":[{"id":332163,"href":"https:\/\/archive.sana.sy\/es\/index.php?rest_route=\/wp\/v2\/posts\/332161\/revisions\/332163"}],"wp:featuredmedia":[{"embeddable":true,"href":"https:\/\/archive.sana.sy\/es\/index.php?rest_route=\/wp\/v2\/media\/332162"}],"wp:attachment":[{"href":"https:\/\/archive.sana.sy\/es\/index.php?rest_route=%2Fwp%2Fv2%2Fmedia&parent=332161"}],"wp:term":[{"taxonomy":"category","embeddable":true,"href":"https:\/\/archive.sana.sy\/es\/index.php?rest_route=%2Fwp%2Fv2%2Fcategories&post=332161"},{"taxonomy":"post_tag","embeddable":true,"href":"https:\/\/archive.sana.sy\/es\/index.php?rest_route=%2Fwp%2Fv2%2Ftags&post=332161"}],"curies":[{"name":"wp","href":"https:\/\/api.w.org\/{rel}","templated":true}]}}