{"id":332181,"date":"2024-06-20T17:14:20","date_gmt":"2024-06-20T14:14:20","guid":{"rendered":"https:\/\/sana.sy\/es\/?p=332181"},"modified":"2024-06-20T17:14:20","modified_gmt":"2024-06-20T14:14:20","slug":"abc-news-tripulacion-del-portaaviones-estadounidense-eisenhower-agotada-tras-nueve-meses-de-combates-navales-en-el-mar-rojo","status":"publish","type":"post","link":"https:\/\/archive.sana.sy\/es\/?p=332181","title":{"rendered":"ABC News: Tripulaci\u00f3n del portaaviones estadounidense Eisenhower agotada tras nueve meses de combates navales en el Mar Rojo"},"content":{"rendered":"<p style=\"text-align: justify;\"><span style=\"color: #800000;\"><strong>Damasco, 20 jun (SANA)\u00a0 \u00a0<\/strong> <\/span>El canal satelital estadounidense ABC News inform\u00f3 sobre el estado de agotamiento que sufre la tripulaci\u00f3n del portaaviones estadounidense Eisenhower, nueve meses despu\u00e9s de que \u00e9ste, con su tripulaci\u00f3n de 7.000 marineros, se involucrara en la batalla naval m\u00e1s encarnizada desde la Segunda Guerra Mundial.<\/p>\n<p style=\"text-align: justify;\">\u201cPlantea preguntas dif\u00edciles sobre lo que suceder\u00e1 despu\u00e9s\u201d, seg\u00fan el canal, \u201cmientras los l\u00edderes militares y de defensa estadounidenses debaten c\u00f3mo compensar el poder de combate del portaaviones si regresa a su hogar en Norfolk, Virginia.\u201d<\/p>\n<p style=\"text-align: justify;\">ABC News se\u00f1al\u00f3 que \u201cel despliegue del portaaviones estadounidense Eisenhower se extendi\u00f3 dos veces, y los marineros publicaron dibujos divertidos indicando que s\u00f3lo tendr\u00edan un breve descanso durante su gira\u201d. Algunos \u201ctemen que se les pueda ordenar que se mantengan fuera del pa\u00eds por un per\u00edodo m\u00e1s largo si la campa\u00f1a contin\u00faa\u201d.<\/p>\n<p style=\"text-align: justify;\">En el Pent\u00e1gono, los l\u00edderes est\u00e1n participando en un debate espinoso, seg\u00fan ABC News: \u201c\u00bfCeder\u00e1n a la presi\u00f3n de la Marina para hacer volver el Eisenhower y los otros tres buques de guerra? \u00bfO ceder\u00e1n al llamamiento del Comando Central de EEUU para mantenerlos all\u00ed por m\u00e1s tiempo? Si los hacen regresar \u00bfcon qu\u00e9 deber\u00edan reemplazarlos?\u201d<\/p>\n<p style=\"text-align: justify;\">Citando a funcionarios estadounidenses, ABC News dijo que est\u00e1n \u201cconsiderando todas las opciones y se espera una decisi\u00f3n en las pr\u00f3ximas semanas\u201d.<\/p>\n<p style=\"text-align: justify;\">\u201cLos l\u00edderes del Pent\u00e1gono temen que, sin el Eisenhower, tendr\u00e1n que recurrir a m\u00e1s aviones de combate de la Fuerza A\u00e9rea estacionados en pa\u00edses vecinos, incluidos Qatar, Arabia Saud\u00ed y los Emiratos \u00c1rabes Unidos\u201d, seg\u00fan ABC News.<\/p>\n<p style=\"text-align: justify;\">Pero ABC News se\u00f1al\u00f3 que \u201cmuchos pa\u00edses \u00e1rabes imponen restricciones de vuelo, u otras restricciones, sobre los tipos de ataques ofensivos que EEUU puede llevar a cabo desde sus territorios debido a sensibilidades regionales\u201d.<\/p>\n<p style=\"text-align: justify;\">Cabe se\u00f1alar que el portavoz de las Fuerzas Armadas, el general de brigada Yahia Sarii, anunci\u00f3 a principios de junio que el portaaviones estadounidense Eisenhower hab\u00eda sido atacado en el norte del Mar Rojo por varios misiles y drones.<\/p>\n<p style=\"text-align: justify;\">Dijo que \u201cel ataque al portaaviones fue el segundo en 24 horas, y se\u00f1al\u00f3 que la otra operaci\u00f3n tuvo como objetivo un destructor estadounidense en el Mar Rojo\u201d.<\/p>\n<p style=\"text-align: justify;\">Estas operaciones se enmarcan en la coordinaci\u00f3n de frentes de apoyo a la resistencia palestina en la Franja de Gaza, con el objetivo de presionar para detener el genocidio llevado a cabo por \u201cIsrael\u201d y permitir la entrada de ayuda.<\/p>\n<p style=\"text-align: justify;\">Fuente: Al-MANAR TV<\/p>\n","protected":false},"excerpt":{"rendered":"<p>Damasco, 20 jun (SANA)\u00a0 \u00a0 El canal satelital estadounidense ABC News inform\u00f3 sobre el estado de agotamiento que sufre la tripulaci\u00f3n del portaaviones estadounidense Eisenhower, nueve meses despu\u00e9s de que \u00e9ste, con su tripulaci\u00f3n de 7.000 marineros, se involucrara en la batalla naval m\u00e1s encarnizada desde la Segunda Guerra Mundial. \u201cPlantea preguntas dif\u00edciles sobre lo &hellip;<\/p>\n","protected":false},"author":39,"featured_media":332182,"comment_status":"closed","ping_status":"closed","sticky":false,"template":"","format":"standard","meta":{"footnotes":""},"categories":[597,456,16687,20724,7541],"tags":[],"class_list":["post-332181","post","type-post","status-publish","format-standard","has-post-thumbnail","","category-cinta-de-noticias","category-arabe-internacional-politica","category-internacionales","category-minuto-a-minuto","category-ultimas-noticias"],"_links":{"self":[{"href":"https:\/\/archive.sana.sy\/es\/index.php?rest_route=\/wp\/v2\/posts\/332181"}],"collection":[{"href":"https:\/\/archive.sana.sy\/es\/index.php?rest_route=\/wp\/v2\/posts"}],"about":[{"href":"https:\/\/archive.sana.sy\/es\/index.php?rest_route=\/wp\/v2\/types\/post"}],"author":[{"embeddable":true,"href":"https:\/\/archive.sana.sy\/es\/index.php?rest_route=\/wp\/v2\/users\/39"}],"replies":[{"embeddable":true,"href":"https:\/\/archive.sana.sy\/es\/index.php?rest_route=%2Fwp%2Fv2%2Fcomments&post=332181"}],"version-history":[{"count":1,"href":"https:\/\/archive.sana.sy\/es\/index.php?rest_route=\/wp\/v2\/posts\/332181\/revisions"}],"predecessor-version":[{"id":332183,"href":"https:\/\/archive.sana.sy\/es\/index.php?rest_route=\/wp\/v2\/posts\/332181\/revisions\/332183"}],"wp:featuredmedia":[{"embeddable":true,"href":"https:\/\/archive.sana.sy\/es\/index.php?rest_route=\/wp\/v2\/media\/332182"}],"wp:attachment":[{"href":"https:\/\/archive.sana.sy\/es\/index.php?rest_route=%2Fwp%2Fv2%2Fmedia&parent=332181"}],"wp:term":[{"taxonomy":"category","embeddable":true,"href":"https:\/\/archive.sana.sy\/es\/index.php?rest_route=%2Fwp%2Fv2%2Fcategories&post=332181"},{"taxonomy":"post_tag","embeddable":true,"href":"https:\/\/archive.sana.sy\/es\/index.php?rest_route=%2Fwp%2Fv2%2Ftags&post=332181"}],"curies":[{"name":"wp","href":"https:\/\/api.w.org\/{rel}","templated":true}]}}