{"id":332190,"date":"2024-06-20T19:36:30","date_gmt":"2024-06-20T16:36:30","guid":{"rendered":"https:\/\/sana.sy\/es\/?p=332190"},"modified":"2024-06-20T19:37:06","modified_gmt":"2024-06-20T16:37:06","slug":"una-carta-abierta-de-30-figuras-arabes-de-elite-a-las-naciones-unidas-para-considerar-el-sionismo-una-forma-de-racismo","status":"publish","type":"post","link":"https:\/\/archive.sana.sy\/es\/?p=332190","title":{"rendered":"Una carta abierta de 30 figuras \u00e1rabes de \u00e9lite a la ONU para considerar el sionismo una forma de racismo"},"content":{"rendered":"<p style=\"text-align: justify;\"><span style=\"color: #800000;\"><strong>Damasco, 20 jun (SANA)\u00a0 \u00a0<\/strong><\/span>En condena a la atroz\u00a0 agresi\u00f3n israel\u00ed contra Gaza que ya lleva 18 meses y ha dejado a m\u00e1s 150 mil palestinos entre muertos y heridos, un grupo de \u00e9lite de figuras de derechos humanos, intelectuales y defensores de la paz en el mundo \u00e1rabe, incluido el jefe de la Uni\u00f3n de Escritores \u00c1rabes en Siria, Muhammad Al-Hourani, tom\u00f3 la iniciativa de enviar una carta al Secretario General de las Naciones Unidas, Antonio Guterres, y el Presidente de la Asamblea General de las Naciones Unidas, Dennis Francis.<\/p>\n<p style=\"text-align: justify;\">Al inicio de la carta se mencionaron los detalles de la Resoluci\u00f3n No. 3379, que fue adoptada por la Asamblea General de las Naciones Unidas el 10 de noviembre de 1975, considerando al sionismo como una forma de racismo, pero dicha resoluci\u00f3n se cancel\u00f3 por la ONU en 1991, violando as\u00ed sus disposiciones.<\/p>\n<p style=\"text-align: justify;\">La misiva se\u00f1al\u00f3 que \u201cIsrael\u201d a\u00fan niega las resoluciones de las Naciones Unidas, especialmente las resoluciones No. 181 de 1947 y 194 de 1948, que garantizan el derecho al retorno, adem\u00e1s de un paquete de otras resoluciones que condenan sus pr\u00e1cticas racistas y la negaci\u00f3n del derechos del pueblo \u00e1rabe palestino.<\/p>\n<p style=\"text-align: justify;\">Asimismo, destac\u00f3 los m\u00faltiples motivos humanitarios, y explic\u00f3 que m\u00e1s de dos millones de palestinos est\u00e1n expuestos a una cat\u00e1strofe humana sin precedentes y a una brutal guerra genocida, en violaci\u00f3n de las normas del Derecho Internacional Humanitario.<\/p>\n<p style=\"text-align: justify;\">En el referido mensaje participaron y firmaron varios pensadores, expertos jur\u00eddicos y\u00a0 acad\u00e9micos de Siria, Irak, Palestina, Marruecos, Kuwait, Yemen, Bahr\u00e9in, T\u00fanez, Jordania, Argelia, Egipto y L\u00edbano, y est\u00e1 abierto durante una semana, hasta el 26 de junio, para aquellos juristas, intelectuales y acad\u00e9micos que deseen unirse.<\/p>\n<p style=\"text-align: justify;\">sm<\/p>\n","protected":false},"excerpt":{"rendered":"<p>Damasco, 20 jun (SANA)\u00a0 \u00a0En condena a la atroz\u00a0 agresi\u00f3n israel\u00ed contra Gaza que ya lleva 18 meses y ha dejado a m\u00e1s 150 mil palestinos entre muertos y heridos, un grupo de \u00e9lite de figuras de derechos humanos, intelectuales y defensores de la paz en el mundo \u00e1rabe, incluido el jefe de la Uni\u00f3n &hellip;<\/p>\n","protected":false},"author":39,"featured_media":332191,"comment_status":"closed","ping_status":"closed","sticky":false,"template":"","format":"standard","meta":{"footnotes":""},"categories":[597,20724,467,583],"tags":[],"class_list":["post-332190","post","type-post","status-publish","format-standard","has-post-thumbnail","","category-cinta-de-noticias","category-minuto-a-minuto","category-siria-y-el-mundo","category-slide"],"_links":{"self":[{"href":"https:\/\/archive.sana.sy\/es\/index.php?rest_route=\/wp\/v2\/posts\/332190"}],"collection":[{"href":"https:\/\/archive.sana.sy\/es\/index.php?rest_route=\/wp\/v2\/posts"}],"about":[{"href":"https:\/\/archive.sana.sy\/es\/index.php?rest_route=\/wp\/v2\/types\/post"}],"author":[{"embeddable":true,"href":"https:\/\/archive.sana.sy\/es\/index.php?rest_route=\/wp\/v2\/users\/39"}],"replies":[{"embeddable":true,"href":"https:\/\/archive.sana.sy\/es\/index.php?rest_route=%2Fwp%2Fv2%2Fcomments&post=332190"}],"version-history":[{"count":2,"href":"https:\/\/archive.sana.sy\/es\/index.php?rest_route=\/wp\/v2\/posts\/332190\/revisions"}],"predecessor-version":[{"id":332193,"href":"https:\/\/archive.sana.sy\/es\/index.php?rest_route=\/wp\/v2\/posts\/332190\/revisions\/332193"}],"wp:featuredmedia":[{"embeddable":true,"href":"https:\/\/archive.sana.sy\/es\/index.php?rest_route=\/wp\/v2\/media\/332191"}],"wp:attachment":[{"href":"https:\/\/archive.sana.sy\/es\/index.php?rest_route=%2Fwp%2Fv2%2Fmedia&parent=332190"}],"wp:term":[{"taxonomy":"category","embeddable":true,"href":"https:\/\/archive.sana.sy\/es\/index.php?rest_route=%2Fwp%2Fv2%2Fcategories&post=332190"},{"taxonomy":"post_tag","embeddable":true,"href":"https:\/\/archive.sana.sy\/es\/index.php?rest_route=%2Fwp%2Fv2%2Ftags&post=332190"}],"curies":[{"name":"wp","href":"https:\/\/api.w.org\/{rel}","templated":true}]}}