{"id":33221,"date":"2015-11-10T19:25:34","date_gmt":"2015-11-10T17:25:34","guid":{"rendered":"http:\/\/sana.sy\/es\/?p=33221"},"modified":"2015-11-10T19:25:34","modified_gmt":"2015-11-10T17:25:34","slug":"campeon-sirio-osama-azzam-gana-la-medalla-de-oro-en-el-campeonato-de-karate-en-serbia","status":"publish","type":"post","link":"https:\/\/archive.sana.sy\/es\/?p=33221","title":{"rendered":"Campe\u00f3n sirio Osama Azzam gana la medalla de oro en el Campeonato de Karate en Serbia"},"content":{"rendered":"<p style=\"text-align: justify\"><span style=\"color: #800000\">Sof\u00eda, SANA<\/span> &#8211; El campe\u00f3n sirio Osama Azzam, gan\u00f3 el Campeonato de Karate en Serbia, ganando una medalla de oro para la lucha individual, un logro que se a\u00f1ade a su rico registro.<\/p>\n<p style=\"text-align: justify\">Azzam dijo a SANA que el rechazo de Serbia a conceder visados de entrada al equipo de Siria para participar en el campeonato le anim\u00f3 a continuar con el entrenamiento y participar de forma individual.<\/p>\n<p style=\"text-align: justify\">Azzam, nacido en 1962 y vive en Bulgaria hoy en d\u00eda, ha ganado varias medallas de oro, plata y bronce en campeonatos internacionales, incluyendo una de oro en el Campeonato Internacional de Karate en Turqu\u00eda el pasado mes de abril.<\/p>\n<p style=\"text-align: justify\">Azzam, tambi\u00e9n, gan\u00f3 la medalla de plata en Kata individual en el Campeonato Mundial ITKF en Polonia en 2014.He clasificado como el segundo en el Campeonato Mundial de Karate en Serbia en 2013 y tambi\u00e9n obtuvo la medalla de bronce en el campeonato de 2012 en Bulgaria.<\/p>\n<p>M.Miri<\/p>\n","protected":false},"excerpt":{"rendered":"<p>Sof\u00eda, SANA &#8211; El campe\u00f3n sirio Osama Azzam, gan\u00f3 el Campeonato de Karate en Serbia, ganando una medalla de oro para la lucha individual, un logro que se a\u00f1ade a su rico registro. Azzam dijo a SANA que el rechazo de Serbia a conceder visados de entrada al equipo de Siria para participar en el &hellip;<\/p>\n","protected":false},"author":1,"featured_media":33222,"comment_status":"closed","ping_status":"closed","sticky":false,"template":"","format":"standard","meta":{"footnotes":""},"categories":[494],"tags":[7331],"class_list":["post-33221","post","type-post","status-publish","format-standard","has-post-thumbnail","","category-deportes","tag-campeon-sirio-osama-azzam-gana-la-medalla-de-oro-en-el-campeonato-de-karate-en-serbia"],"_links":{"self":[{"href":"https:\/\/archive.sana.sy\/es\/index.php?rest_route=\/wp\/v2\/posts\/33221"}],"collection":[{"href":"https:\/\/archive.sana.sy\/es\/index.php?rest_route=\/wp\/v2\/posts"}],"about":[{"href":"https:\/\/archive.sana.sy\/es\/index.php?rest_route=\/wp\/v2\/types\/post"}],"author":[{"embeddable":true,"href":"https:\/\/archive.sana.sy\/es\/index.php?rest_route=\/wp\/v2\/users\/1"}],"replies":[{"embeddable":true,"href":"https:\/\/archive.sana.sy\/es\/index.php?rest_route=%2Fwp%2Fv2%2Fcomments&post=33221"}],"version-history":[{"count":0,"href":"https:\/\/archive.sana.sy\/es\/index.php?rest_route=\/wp\/v2\/posts\/33221\/revisions"}],"wp:featuredmedia":[{"embeddable":true,"href":"https:\/\/archive.sana.sy\/es\/index.php?rest_route=\/wp\/v2\/media\/33222"}],"wp:attachment":[{"href":"https:\/\/archive.sana.sy\/es\/index.php?rest_route=%2Fwp%2Fv2%2Fmedia&parent=33221"}],"wp:term":[{"taxonomy":"category","embeddable":true,"href":"https:\/\/archive.sana.sy\/es\/index.php?rest_route=%2Fwp%2Fv2%2Fcategories&post=33221"},{"taxonomy":"post_tag","embeddable":true,"href":"https:\/\/archive.sana.sy\/es\/index.php?rest_route=%2Fwp%2Fv2%2Ftags&post=33221"}],"curies":[{"name":"wp","href":"https:\/\/api.w.org\/{rel}","templated":true}]}}