{"id":332211,"date":"2024-06-21T11:48:37","date_gmt":"2024-06-21T08:48:37","guid":{"rendered":"https:\/\/sana.sy\/es\/?p=332211"},"modified":"2024-06-21T11:48:37","modified_gmt":"2024-06-21T08:48:37","slug":"armenia-reconoce-oficialmente-al-estado-de-palestina","status":"publish","type":"post","link":"https:\/\/archive.sana.sy\/es\/?p=332211","title":{"rendered":"Armenia reconoce oficialmente al Estado de Palestina"},"content":{"rendered":"<p style=\"text-align: justify;\"><span style=\"color: #800000;\"><strong>Erev\u00e1n, 21 jun (SANA)<\/strong> <\/span>La Rep\u00fablica de Armenia anunci\u00f3 su reconocimiento oficial del Estado de Palestina.<\/p>\n<p style=\"text-align: justify;\">El Ministerio de Relaciones Exteriores de Armenia declar\u00f3 en su sitio web, seg\u00fan inform\u00f3 RT que la situaci\u00f3n humanitaria catastr\u00f3fica en Gaza y el conflicto militar en curso son uno de los principales problemas en la agenda pol\u00edtica internacional que requieren una soluci\u00f3n.<\/p>\n<p style=\"text-align: justify;\">La Canciller\u00eda se\u00f1al\u00f3 que la Rep\u00fablica de Armenia se uni\u00f3 a las resoluciones de la Asamblea General de las Naciones Unidas que piden un alto el fuego inmediato en Gaza.<\/p>\n<p style=\"text-align: justify;\">Asimismo, destac\u00f3 que Armenia abog\u00f3 por una soluci\u00f3n pac\u00edfica e integral de la causa palestina en diversos foros internacionales.<\/p>\n<p style=\"text-align: justify;\">&#8220;Bas\u00e1ndonos en lo anterior y reafirmando nuestro compromiso con el derecho internacional y los principios de igualdad, soberan\u00eda y convivencia pac\u00edfica entre los pueblos, anunciamos el reconocimiento de la Rep\u00fablica de Armenia del Estado de Palestina&#8221;, continu\u00f3 la Canciller\u00eda armenia.<\/p>\n<p style=\"text-align: justify;\">Cabe recordar que Espa\u00f1a, Irlanda y Noruega reconocieron oficialmente al Estado de Palestina el pasado 28 de mayo.<\/p>\n<p style=\"text-align: justify;\"><em><strong>ah<\/strong><\/em><\/p>\n","protected":false},"excerpt":{"rendered":"<p>Erev\u00e1n, 21 jun (SANA) La Rep\u00fablica de Armenia anunci\u00f3 su reconocimiento oficial del Estado de Palestina. El Ministerio de Relaciones Exteriores de Armenia declar\u00f3 en su sitio web, seg\u00fan inform\u00f3 RT que la situaci\u00f3n humanitaria catastr\u00f3fica en Gaza y el conflicto militar en curso son uno de los principales problemas en la agenda pol\u00edtica internacional &hellip;<\/p>\n","protected":false},"author":30,"featured_media":332212,"comment_status":"closed","ping_status":"closed","sticky":false,"template":"","format":"standard","meta":{"footnotes":""},"categories":[597,456,20724,7541],"tags":[],"class_list":["post-332211","post","type-post","status-publish","format-standard","has-post-thumbnail","","category-cinta-de-noticias","category-arabe-internacional-politica","category-minuto-a-minuto","category-ultimas-noticias"],"_links":{"self":[{"href":"https:\/\/archive.sana.sy\/es\/index.php?rest_route=\/wp\/v2\/posts\/332211"}],"collection":[{"href":"https:\/\/archive.sana.sy\/es\/index.php?rest_route=\/wp\/v2\/posts"}],"about":[{"href":"https:\/\/archive.sana.sy\/es\/index.php?rest_route=\/wp\/v2\/types\/post"}],"author":[{"embeddable":true,"href":"https:\/\/archive.sana.sy\/es\/index.php?rest_route=\/wp\/v2\/users\/30"}],"replies":[{"embeddable":true,"href":"https:\/\/archive.sana.sy\/es\/index.php?rest_route=%2Fwp%2Fv2%2Fcomments&post=332211"}],"version-history":[{"count":1,"href":"https:\/\/archive.sana.sy\/es\/index.php?rest_route=\/wp\/v2\/posts\/332211\/revisions"}],"predecessor-version":[{"id":332213,"href":"https:\/\/archive.sana.sy\/es\/index.php?rest_route=\/wp\/v2\/posts\/332211\/revisions\/332213"}],"wp:featuredmedia":[{"embeddable":true,"href":"https:\/\/archive.sana.sy\/es\/index.php?rest_route=\/wp\/v2\/media\/332212"}],"wp:attachment":[{"href":"https:\/\/archive.sana.sy\/es\/index.php?rest_route=%2Fwp%2Fv2%2Fmedia&parent=332211"}],"wp:term":[{"taxonomy":"category","embeddable":true,"href":"https:\/\/archive.sana.sy\/es\/index.php?rest_route=%2Fwp%2Fv2%2Fcategories&post=332211"},{"taxonomy":"post_tag","embeddable":true,"href":"https:\/\/archive.sana.sy\/es\/index.php?rest_route=%2Fwp%2Fv2%2Ftags&post=332211"}],"curies":[{"name":"wp","href":"https:\/\/api.w.org\/{rel}","templated":true}]}}