{"id":332219,"date":"2024-06-21T16:34:44","date_gmt":"2024-06-21T13:34:44","guid":{"rendered":"https:\/\/sana.sy\/es\/?p=332219"},"modified":"2024-06-21T16:34:44","modified_gmt":"2024-06-21T13:34:44","slug":"fugaz-pero-productiva-visita-de-putin-a-la-rpdc","status":"publish","type":"post","link":"https:\/\/archive.sana.sy\/es\/?p=332219","title":{"rendered":"Fugaz, pero productiva visita de Putin a la RPDC"},"content":{"rendered":"<p style=\"text-align: justify;\"><span style=\"color: #800000;\"><strong>Damasco, 21 jun (SANA)<\/strong> <\/span>En una fugaz, pero productiva visita a la Rep\u00fablica Popular Democr\u00e1tica de Corea (RPDC), el presidente ruso, Vladimir Putin, inyect\u00f3 a las relaciones bilaterales un dinamismo que ni siquiera esperaron los m\u00e1s acendrados enemigos de las dos naciones.<\/p>\n<p style=\"text-align: justify;\">Lo clave en la naci\u00f3n asi\u00e1tica fue sin dudas el Acuerdo de Asociaci\u00f3n Estrat\u00e9gica Integral suscrito por Putin y el presidente del Comit\u00e9 de Asuntos Estatales, Kim Jong Un.<\/p>\n<p style=\"text-align: justify;\">Entre otras cl\u00e1usulas, la m\u00e1s relevante estableci\u00f3 la prestaci\u00f3n de apoyo si una de las partes fuera v\u00edctima de una agresi\u00f3n.<\/p>\n<p style=\"text-align: justify;\">Los signatarios afirmaron que el tratado no est\u00e1 enfilado contra terceros y tiene un car\u00e1cter meramente defensivo.<\/p>\n<p style=\"text-align: justify;\">Entidades de los dos pa\u00edses suscribieron otros acuerdos relativos a educaci\u00f3n, salud p\u00fablica y ciencia m\u00e9dicas, as\u00ed como uno referido a la construcci\u00f3n de un puente sobre el fronterizo r\u00edo Tuman.<\/p>\n<p style=\"text-align: justify;\">Pero tanto o m\u00e1s importante resultaba un documento que no se firm\u00f3, pues sus contenidos espec\u00edficos est\u00e1n en fase de maduraci\u00f3n: la creaci\u00f3n de un sistema de pago fuera del control de Estados Unidos y de sus aliados de Occidente.<\/p>\n<p style=\"text-align: justify;\">La iniciativa fue develada por Putin antes de llegar a Pyongyang en un art\u00edculo que public\u00f3 en el diario Rodong Sinmun, \u00f3rgano oficial del Partido del Trabajo de Corea.<\/p>\n<p style=\"text-align: justify;\">Consiste, b\u00e1sicamente, en encontrar f\u00f3rmulas de pago independientes del sistema financiero internacional, basado en el d\u00f3lar estadounidense, a fin de posibilitar el comercio y los negocios entre ambas naciones, sometidas a restrictivas e ileg\u00edtimas medidas del ahora llamado Occidente colectivo.<\/p>\n<p style=\"text-align: justify;\">En t\u00e9rminos generales, lo m\u00e1s palmario en la visita de Putin fue la voluntad compartida de fortalecer los v\u00ednculos en pol\u00edtica, econom\u00eda y defensa para oponerse a las pretensiones hegem\u00f3nicas de Estados Unidos y sus asociados de Europa y Asia.<\/p>\n<p style=\"text-align: justify;\">Fue visible, adem\u00e1s, la simpat\u00eda entre Kim y Putin, ya puesta de manifiesto en la Cumbre que celebraron en septiembre del a\u00f1o pasado en territorio ruso.<\/p>\n<p style=\"text-align: justify;\">La espont\u00e1nea cordialidad entre ambos se puso de manifiesto de nuevo en cuanto se reencontraron en el aeropuerto de Pyongyang, donde se fundieron en un apretado abrazo, o cuando, ajenos a formalidades, departieron en el jard\u00edn de la Casa de Hu\u00e9spedes de Kumsusan.<\/p>\n<p style=\"text-align: justify;\">En ese lugar, los dos se alternaron al tim\u00f3n de la limosina que Putin le regal\u00f3 a Kim, y este le obsequi\u00f3 a su invitado una pareja de perros de la raza Phungsan, considerado un monumento nacional vivo de la RPDC.<\/p>\n<p style=\"text-align: justify;\">Antes de llegar Putin, Kim dijo que todo estaba listo para recibir \u201ccon toda sinceridad al amigo m\u00e1s \u00edntimo del pueblo coreano\u201d.<\/p>\n<p style=\"text-align: justify;\">La fugaz y fruct\u00edfera estancia del presidente ruso en Pyongyang -dur\u00f3 menos de 24 horas- pero corrobor\u00f3 lo anticipado por el l\u00edder de la RPDC.<\/p>\n<p style=\"text-align: justify;\">Fuente: Prensa Latina<\/p>\n","protected":false},"excerpt":{"rendered":"<p>Damasco, 21 jun (SANA) En una fugaz, pero productiva visita a la Rep\u00fablica Popular Democr\u00e1tica de Corea (RPDC), el presidente ruso, Vladimir Putin, inyect\u00f3 a las relaciones bilaterales un dinamismo que ni siquiera esperaron los m\u00e1s acendrados enemigos de las dos naciones. Lo clave en la naci\u00f3n asi\u00e1tica fue sin dudas el Acuerdo de Asociaci\u00f3n &hellip;<\/p>\n","protected":false},"author":39,"featured_media":332220,"comment_status":"closed","ping_status":"closed","sticky":false,"template":"","format":"standard","meta":{"footnotes":""},"categories":[597,456,16687,20724,7541],"tags":[],"class_list":["post-332219","post","type-post","status-publish","format-standard","has-post-thumbnail","","category-cinta-de-noticias","category-arabe-internacional-politica","category-internacionales","category-minuto-a-minuto","category-ultimas-noticias"],"_links":{"self":[{"href":"https:\/\/archive.sana.sy\/es\/index.php?rest_route=\/wp\/v2\/posts\/332219"}],"collection":[{"href":"https:\/\/archive.sana.sy\/es\/index.php?rest_route=\/wp\/v2\/posts"}],"about":[{"href":"https:\/\/archive.sana.sy\/es\/index.php?rest_route=\/wp\/v2\/types\/post"}],"author":[{"embeddable":true,"href":"https:\/\/archive.sana.sy\/es\/index.php?rest_route=\/wp\/v2\/users\/39"}],"replies":[{"embeddable":true,"href":"https:\/\/archive.sana.sy\/es\/index.php?rest_route=%2Fwp%2Fv2%2Fcomments&post=332219"}],"version-history":[{"count":1,"href":"https:\/\/archive.sana.sy\/es\/index.php?rest_route=\/wp\/v2\/posts\/332219\/revisions"}],"predecessor-version":[{"id":332221,"href":"https:\/\/archive.sana.sy\/es\/index.php?rest_route=\/wp\/v2\/posts\/332219\/revisions\/332221"}],"wp:featuredmedia":[{"embeddable":true,"href":"https:\/\/archive.sana.sy\/es\/index.php?rest_route=\/wp\/v2\/media\/332220"}],"wp:attachment":[{"href":"https:\/\/archive.sana.sy\/es\/index.php?rest_route=%2Fwp%2Fv2%2Fmedia&parent=332219"}],"wp:term":[{"taxonomy":"category","embeddable":true,"href":"https:\/\/archive.sana.sy\/es\/index.php?rest_route=%2Fwp%2Fv2%2Fcategories&post=332219"},{"taxonomy":"post_tag","embeddable":true,"href":"https:\/\/archive.sana.sy\/es\/index.php?rest_route=%2Fwp%2Fv2%2Ftags&post=332219"}],"curies":[{"name":"wp","href":"https:\/\/api.w.org\/{rel}","templated":true}]}}