{"id":332225,"date":"2024-06-21T16:51:42","date_gmt":"2024-06-21T13:51:42","guid":{"rendered":"https:\/\/sana.sy\/es\/?p=332225"},"modified":"2024-06-21T17:15:14","modified_gmt":"2024-06-21T14:15:14","slug":"ejercito-israeli-reconoce-la-muerte-de-un-oficial-y-un-soldado-en-gaza","status":"publish","type":"post","link":"https:\/\/archive.sana.sy\/es\/?p=332225","title":{"rendered":"Ej\u00e9rcito israel\u00ed reconoce la muerte de un oficial y un soldado en Gaza"},"content":{"rendered":"<p style=\"text-align: justify;\"><span style=\"color: #800000;\"><strong>Jerusal\u00e9n ocupada, 21 jun (SANA)<\/strong><\/span> El ej\u00e9rcito de ocupaci\u00f3n israel\u00ed reconoci\u00f3 hoy la muerte de un oficial y un soldado, mientras otros cinco militares resultaron heridos, tres de ellos de gravedad, durante los combates con la resistencia palestina en Gaza.<\/p>\n<p style=\"text-align: justify;\">Estas dos bajas elevan a 664 el n\u00famero de oficiales y soldados israel\u00edes eliminados desde el 7 de octubre pasado.<br \/>\nLa v\u00edspera, las fuerzas de ocupaci\u00f3n anunciaron que 6 de sus soldados resultaron heridos en los combates con los combatientes de la resistencia palestina.<\/p>\n<p style=\"text-align: justify;\">Seg\u00fan reconoci\u00f3 recientemente el ej\u00e9rcito israel\u00ed, 3.860 soldados hab\u00edan resultado heridos desde el comienzo de la guerra, mientras el Ministerio de Seguridad israel\u00ed revel\u00f3 que el n\u00famero de soldados discapacitados que reciben tratamiento super\u00f3 por primera vez los 70.000, despu\u00e9s de que se sumaran 8.663 heridos, desde el pasado 7 de octubre.<\/p>\n<p><img loading=\"lazy\" decoding=\"async\" class=\"alignnone size-medium wp-image-332230\" src=\"http:\/\/sana.sy\/es\/wp-content\/uploads\/2024\/06\/Ejercito-israeli-reconoce-la-muerte-de-un-oficial-y-un-soldado-en-Gaza-1-300x200.jpeg\" alt=\"\" width=\"300\" height=\"200\" srcset=\"https:\/\/archive.sana.sy\/es\/wp-content\/uploads\/2024\/06\/Ejercito-israeli-reconoce-la-muerte-de-un-oficial-y-un-soldado-en-Gaza-1-300x200.jpeg 300w, https:\/\/archive.sana.sy\/es\/wp-content\/uploads\/2024\/06\/Ejercito-israeli-reconoce-la-muerte-de-un-oficial-y-un-soldado-en-Gaza-1-1024x683.jpeg 1024w, https:\/\/archive.sana.sy\/es\/wp-content\/uploads\/2024\/06\/Ejercito-israeli-reconoce-la-muerte-de-un-oficial-y-un-soldado-en-Gaza-1-150x100.jpeg 150w, https:\/\/archive.sana.sy\/es\/wp-content\/uploads\/2024\/06\/Ejercito-israeli-reconoce-la-muerte-de-un-oficial-y-un-soldado-en-Gaza-1-768x512.jpeg 768w, https:\/\/archive.sana.sy\/es\/wp-content\/uploads\/2024\/06\/Ejercito-israeli-reconoce-la-muerte-de-un-oficial-y-un-soldado-en-Gaza-1.jpeg 1280w\" sizes=\"(max-width: 300px) 100vw, 300px\" \/><\/p>\n<p style=\"text-align: justify;\">\n<p style=\"text-align: justify;\">fm\/sm<\/p>\n","protected":false},"excerpt":{"rendered":"<p>Jerusal\u00e9n ocupada, 21 jun (SANA) El ej\u00e9rcito de ocupaci\u00f3n israel\u00ed reconoci\u00f3 hoy la muerte de un oficial y un soldado, mientras otros cinco militares resultaron heridos, tres de ellos de gravedad, durante los combates con la resistencia palestina en Gaza. Estas dos bajas elevan a 664 el n\u00famero de oficiales y soldados israel\u00edes eliminados desde &hellip;<\/p>\n","protected":false},"author":39,"featured_media":332229,"comment_status":"closed","ping_status":"closed","sticky":false,"template":"","format":"standard","meta":{"footnotes":""},"categories":[597,456,16687,20724,583],"tags":[],"class_list":["post-332225","post","type-post","status-publish","format-standard","has-post-thumbnail","","category-cinta-de-noticias","category-arabe-internacional-politica","category-internacionales","category-minuto-a-minuto","category-slide"],"_links":{"self":[{"href":"https:\/\/archive.sana.sy\/es\/index.php?rest_route=\/wp\/v2\/posts\/332225"}],"collection":[{"href":"https:\/\/archive.sana.sy\/es\/index.php?rest_route=\/wp\/v2\/posts"}],"about":[{"href":"https:\/\/archive.sana.sy\/es\/index.php?rest_route=\/wp\/v2\/types\/post"}],"author":[{"embeddable":true,"href":"https:\/\/archive.sana.sy\/es\/index.php?rest_route=\/wp\/v2\/users\/39"}],"replies":[{"embeddable":true,"href":"https:\/\/archive.sana.sy\/es\/index.php?rest_route=%2Fwp%2Fv2%2Fcomments&post=332225"}],"version-history":[{"count":3,"href":"https:\/\/archive.sana.sy\/es\/index.php?rest_route=\/wp\/v2\/posts\/332225\/revisions"}],"predecessor-version":[{"id":332232,"href":"https:\/\/archive.sana.sy\/es\/index.php?rest_route=\/wp\/v2\/posts\/332225\/revisions\/332232"}],"wp:featuredmedia":[{"embeddable":true,"href":"https:\/\/archive.sana.sy\/es\/index.php?rest_route=\/wp\/v2\/media\/332229"}],"wp:attachment":[{"href":"https:\/\/archive.sana.sy\/es\/index.php?rest_route=%2Fwp%2Fv2%2Fmedia&parent=332225"}],"wp:term":[{"taxonomy":"category","embeddable":true,"href":"https:\/\/archive.sana.sy\/es\/index.php?rest_route=%2Fwp%2Fv2%2Fcategories&post=332225"},{"taxonomy":"post_tag","embeddable":true,"href":"https:\/\/archive.sana.sy\/es\/index.php?rest_route=%2Fwp%2Fv2%2Ftags&post=332225"}],"curies":[{"name":"wp","href":"https:\/\/api.w.org\/{rel}","templated":true}]}}