{"id":332241,"date":"2024-06-21T18:15:47","date_gmt":"2024-06-21T15:15:47","guid":{"rendered":"https:\/\/sana.sy\/es\/?p=332241"},"modified":"2024-06-21T18:15:47","modified_gmt":"2024-06-21T15:15:47","slug":"la-resistencia-libanesa-ataca-sitios-militares-del-ocupante-israeli","status":"publish","type":"post","link":"https:\/\/archive.sana.sy\/es\/?p=332241","title":{"rendered":"La Resistencia Libanesa ataca sitios militares del ocupante israel\u00ed"},"content":{"rendered":"<p style=\"text-align: justify;\"><strong><span style=\"color: #800000;\">Beirut, 21 jun (SANA)\u00a0<\/span> <\/strong>La Resistencia Nacional Libanesa llev\u00f3 a cabo hoy cinco operaciones espec\u00edficas contra sitios y concentraciones del ocupante israel\u00ed en la frontera sur del L\u00edbano y en el norte de Palestina ocupada, causando bajas directas entre filas del enemigo.<\/p>\n<p style=\"text-align: justify;\">\u201cEn apoyo al firme pueblo palestino en la Franja de Gaza y a su valiente resistencia, nuestros combatientes atacaron con misiles los sitios de Ramtha y Al-Samaqa en las colinas libanesas de Kfar Shuba, y Zibdeen y Ruwaisat Al-Qarn en las ocupadas granjas libanesas de Shebaa, logrando impactos directos\u201d, anunci\u00f3 la resistencia en un comunicado.<\/p>\n<p style=\"text-align: justify;\">En otra declaraci\u00f3n similar, la resistencia anunci\u00f3 que sus combatientes realizaron un ataque a\u00e9reo con un escuadr\u00f3n de drones de asalto contra la posici\u00f3n naval de Ras al-Naqura, teniendo como objetivo los lugares y asentamientos de los oficiales y soldados enemigos.<\/p>\n<p style=\"text-align: justify;\">Detall\u00f3 que los blancos fueron alcanzados con precisi\u00f3n y se lograron bajas confirmadas entre las tropas del ocupante sionista.<\/p>\n<p style=\"text-align: justify;\">Las fuerzas del ocupante israel\u00ed continuaron sus agresiones contra ciudades y aldeas del sur del L\u00edbano, y una vez m\u00e1s utilizaron proyectiles de f\u00f3sforo durante sus ataques contra las cercan\u00edas de la colina de Al-Azziyah, en las afueras de Deir Mimas y Kafr Kila tras bombardear la misma zona con artiller\u00eda esta tarde.<\/p>\n<p style=\"text-align: justify;\">sm<\/p>\n","protected":false},"excerpt":{"rendered":"<p>Beirut, 21 jun (SANA)\u00a0 La Resistencia Nacional Libanesa llev\u00f3 a cabo hoy cinco operaciones espec\u00edficas contra sitios y concentraciones del ocupante israel\u00ed en la frontera sur del L\u00edbano y en el norte de Palestina ocupada, causando bajas directas entre filas del enemigo. \u201cEn apoyo al firme pueblo palestino en la Franja de Gaza y a &hellip;<\/p>\n","protected":false},"author":39,"featured_media":332242,"comment_status":"closed","ping_status":"closed","sticky":false,"template":"","format":"standard","meta":{"footnotes":""},"categories":[597,456,16687,20724,7541],"tags":[],"class_list":["post-332241","post","type-post","status-publish","format-standard","has-post-thumbnail","","category-cinta-de-noticias","category-arabe-internacional-politica","category-internacionales","category-minuto-a-minuto","category-ultimas-noticias"],"_links":{"self":[{"href":"https:\/\/archive.sana.sy\/es\/index.php?rest_route=\/wp\/v2\/posts\/332241"}],"collection":[{"href":"https:\/\/archive.sana.sy\/es\/index.php?rest_route=\/wp\/v2\/posts"}],"about":[{"href":"https:\/\/archive.sana.sy\/es\/index.php?rest_route=\/wp\/v2\/types\/post"}],"author":[{"embeddable":true,"href":"https:\/\/archive.sana.sy\/es\/index.php?rest_route=\/wp\/v2\/users\/39"}],"replies":[{"embeddable":true,"href":"https:\/\/archive.sana.sy\/es\/index.php?rest_route=%2Fwp%2Fv2%2Fcomments&post=332241"}],"version-history":[{"count":1,"href":"https:\/\/archive.sana.sy\/es\/index.php?rest_route=\/wp\/v2\/posts\/332241\/revisions"}],"predecessor-version":[{"id":332243,"href":"https:\/\/archive.sana.sy\/es\/index.php?rest_route=\/wp\/v2\/posts\/332241\/revisions\/332243"}],"wp:featuredmedia":[{"embeddable":true,"href":"https:\/\/archive.sana.sy\/es\/index.php?rest_route=\/wp\/v2\/media\/332242"}],"wp:attachment":[{"href":"https:\/\/archive.sana.sy\/es\/index.php?rest_route=%2Fwp%2Fv2%2Fmedia&parent=332241"}],"wp:term":[{"taxonomy":"category","embeddable":true,"href":"https:\/\/archive.sana.sy\/es\/index.php?rest_route=%2Fwp%2Fv2%2Fcategories&post=332241"},{"taxonomy":"post_tag","embeddable":true,"href":"https:\/\/archive.sana.sy\/es\/index.php?rest_route=%2Fwp%2Fv2%2Ftags&post=332241"}],"curies":[{"name":"wp","href":"https:\/\/api.w.org\/{rel}","templated":true}]}}