{"id":33225,"date":"2015-11-10T19:56:34","date_gmt":"2015-11-10T17:56:34","guid":{"rendered":"http:\/\/sana.sy\/es\/?p=33225"},"modified":"2015-11-10T19:56:34","modified_gmt":"2015-11-10T17:56:34","slug":"ejercito-yemeni-bombardea-bases-militares-saudies","status":"publish","type":"post","link":"https:\/\/archive.sana.sy\/es\/?p=33225","title":{"rendered":"Ej\u00e9rcito yemen\u00ed bombardea bases militares saud\u00edes"},"content":{"rendered":"<p style=\"text-align: justify\"><span style=\"color: #800000\">San\u00e1, SANA<\/span>&#8211; El Ej\u00e9rcito yemen\u00ed y los comit\u00e9s populares bombardearon varias bases militares saud\u00edes en las regiones de Jizan, Asir y Najran, en el suroeste de Arabia Saud\u00ed.<\/p>\n<p style=\"text-align: justify\">Como resultado de esos ataques, en represalia por la agresi\u00f3n b\u00e9lica que lidera Riad contra Yemen, algunas fuerzas saud\u00edes resultaron heridas y otras se vieron obligadas a huir en sus veh\u00edculos militares, seg\u00fan fuentes la agencia yemen\u00ed Sabanews.<\/p>\n<p style=\"text-align: justify\">El portavoz del Ej\u00e9rcito yemen\u00ed, el coronel Sharaf Luqman, revel\u00f3 el lunes el plan de Arabia Saud\u00ed y sus aliados para ocupar las costas en el oeste del pa\u00eds y asegur\u00f3 que las fuerzas yemen\u00edes responder\u00e1n a cualquier violaci\u00f3n del enemigo.<\/p>\n<p style=\"text-align: justify\">En el mismo contexto, las tropas yemen\u00edes han provocado la muerte de varios soldados saud\u00edes y han destruido ocho veh\u00edculos militares de ellos.<\/p>\n<p style=\"text-align: justify\">Tambi\u00e9n, las fuerzas yemen\u00edes han lanzado varios cohetes contra blancos militares saud\u00edes en la regi\u00f3n de Nayran, en el sur de Arabia Saud\u00ed, generando destrucciones en los puestos castrenses del r\u00e9gimen Al Saud.<\/p>\n<p style=\"text-align: justify\">Hasta el momento, la campa\u00f1a militar saud\u00ed contra Yemen, que comenz\u00f3 el 26 de marzo sin el aval de la Organizaci\u00f3n de las Naciones Unidas (ONU), ha causado la muerte de al menos 6090 yemen\u00edes, entre ellos 1698 ni\u00f1os y 1038 mujeres, y dejado m\u00e1s de 13 500 heridos, seg\u00fan cifras anunciadas por la Coalici\u00f3n Civil de Yemen.<\/p>\n<p>M.Miri<\/p>\n","protected":false},"excerpt":{"rendered":"<p>San\u00e1, SANA&#8211; El Ej\u00e9rcito yemen\u00ed y los comit\u00e9s populares bombardearon varias bases militares saud\u00edes en las regiones de Jizan, Asir y Najran, en el suroeste de Arabia Saud\u00ed. Como resultado de esos ataques, en represalia por la agresi\u00f3n b\u00e9lica que lidera Riad contra Yemen, algunas fuerzas saud\u00edes resultaron heridas y otras se vieron obligadas a &hellip;<\/p>\n","protected":false},"author":1,"featured_media":33226,"comment_status":"closed","ping_status":"closed","sticky":false,"template":"","format":"standard","meta":{"footnotes":""},"categories":[456,457],"tags":[7333],"class_list":["post-33225","post","type-post","status-publish","format-standard","has-post-thumbnail","","category-arabe-internacional-politica","category-noticias-arabe-internacional-politica","tag-ejercito-yemeni-bombardea-bases-militares-saudies"],"_links":{"self":[{"href":"https:\/\/archive.sana.sy\/es\/index.php?rest_route=\/wp\/v2\/posts\/33225"}],"collection":[{"href":"https:\/\/archive.sana.sy\/es\/index.php?rest_route=\/wp\/v2\/posts"}],"about":[{"href":"https:\/\/archive.sana.sy\/es\/index.php?rest_route=\/wp\/v2\/types\/post"}],"author":[{"embeddable":true,"href":"https:\/\/archive.sana.sy\/es\/index.php?rest_route=\/wp\/v2\/users\/1"}],"replies":[{"embeddable":true,"href":"https:\/\/archive.sana.sy\/es\/index.php?rest_route=%2Fwp%2Fv2%2Fcomments&post=33225"}],"version-history":[{"count":0,"href":"https:\/\/archive.sana.sy\/es\/index.php?rest_route=\/wp\/v2\/posts\/33225\/revisions"}],"wp:featuredmedia":[{"embeddable":true,"href":"https:\/\/archive.sana.sy\/es\/index.php?rest_route=\/wp\/v2\/media\/33226"}],"wp:attachment":[{"href":"https:\/\/archive.sana.sy\/es\/index.php?rest_route=%2Fwp%2Fv2%2Fmedia&parent=33225"}],"wp:term":[{"taxonomy":"category","embeddable":true,"href":"https:\/\/archive.sana.sy\/es\/index.php?rest_route=%2Fwp%2Fv2%2Fcategories&post=33225"},{"taxonomy":"post_tag","embeddable":true,"href":"https:\/\/archive.sana.sy\/es\/index.php?rest_route=%2Fwp%2Fv2%2Ftags&post=33225"}],"curies":[{"name":"wp","href":"https:\/\/api.w.org\/{rel}","templated":true}]}}