{"id":332260,"date":"2024-06-22T13:24:23","date_gmt":"2024-06-22T10:24:23","guid":{"rendered":"https:\/\/sana.sy\/es\/?p=332260"},"modified":"2024-06-22T13:24:23","modified_gmt":"2024-06-22T10:24:23","slug":"agresiones-israelies-en-gaza-dejan-un-saldo-diario-de-101-muertos","status":"publish","type":"post","link":"https:\/\/archive.sana.sy\/es\/?p=332260","title":{"rendered":"Agresiones israel\u00edes en Gaza dejan un saldo diario de 101 muertos"},"content":{"rendered":"<p style=\"text-align: justify;\"><span style=\"color: #800000;\"><strong>Jerusal\u00e9n ocupada, 22 jun (SANA)\u00a0<\/strong> <\/span>\u00a0El Ministerio de Salud palestino inform\u00f3 hoy que durante las \u00faltimas 24 horas, el ej\u00e9rcito de ocupaci\u00f3n israel\u00ed cometi\u00f3 3 masacres en la Franja de Gaza, cobrando la vida de 101 palestinos mientras otros 69 resultaron heridos.<\/p>\n<p style=\"text-align: justify;\">El n\u00famero total de v\u00edctimas durante 260 d\u00edas de agresi\u00f3n aument\u00f3 a 37 mil 551 muertos y 85 mil 911 heridos, indic\u00f3 el ente de salud.<\/p>\n<p style=\"text-align: justify;\">Durante el d\u00eda de hoy, dos palestinos perecieron y otros resultaron heridos en bombardeos del ocupante israel\u00ed contra varias zonas de la Franja de Gaza.<\/p>\n<p style=\"text-align: justify;\">La agencia de noticias Wafa inform\u00f3 que la artiller\u00eda sionista bombarde\u00f3 viviendas de palestinos y tiendas de campa\u00f1a de desplazados en la zona occidental de la ciudad de Rafah, al sur del enclave costero, provocando la muerte y lesiones de varias personas.<\/p>\n<p style=\"text-align: justify;\">En la ciudad de Jan Yunis, el ocupante dispar\u00f3 decenas de proyectiles en las zonas occidentales de la ciudad, concretamente en la zona de \u201cAl-Mawasi\u201d, lo que provoc\u00f3 decenas de heridos y una ola de desplazamiento de decenas de familias.<\/p>\n<p style=\"text-align: justify;\">En cuanto a la ciudad de Gaza, los tanques israel\u00edes abrieron su fuego contra los barrios de Al-Zaitoun, Tal Al-Hawa, Sheikh Ajlin y Al-Sabra, lo que provoc\u00f3 graves heridas a palestinos, mientras los helic\u00f3pteros Apache dispararon contra las casas al sur del barrio de Al-Zaytoun, al sureste de la ciudad.<\/p>\n<p style=\"text-align: justify;\"><img loading=\"lazy\" decoding=\"async\" class=\"alignright wp-image-332262 size-full\" src=\"http:\/\/sana.sy\/es\/wp-content\/uploads\/2024\/06\/Agresiones-israelies-en-Gaza-dejan-un-saldo-diario-de-101-muertos0.jpeg\" alt=\"\" width=\"960\" height=\"786\" srcset=\"https:\/\/archive.sana.sy\/es\/wp-content\/uploads\/2024\/06\/Agresiones-israelies-en-Gaza-dejan-un-saldo-diario-de-101-muertos0.jpeg 960w, https:\/\/archive.sana.sy\/es\/wp-content\/uploads\/2024\/06\/Agresiones-israelies-en-Gaza-dejan-un-saldo-diario-de-101-muertos0-300x246.jpeg 300w, https:\/\/archive.sana.sy\/es\/wp-content\/uploads\/2024\/06\/Agresiones-israelies-en-Gaza-dejan-un-saldo-diario-de-101-muertos0-150x123.jpeg 150w, https:\/\/archive.sana.sy\/es\/wp-content\/uploads\/2024\/06\/Agresiones-israelies-en-Gaza-dejan-un-saldo-diario-de-101-muertos0-768x629.jpeg 768w\" sizes=\"(max-width: 960px) 100vw, 960px\" \/><\/p>\n<p style=\"text-align: justify;\">fm\/sm<\/p>\n","protected":false},"excerpt":{"rendered":"<p>Jerusal\u00e9n ocupada, 22 jun (SANA)\u00a0 \u00a0El Ministerio de Salud palestino inform\u00f3 hoy que durante las \u00faltimas 24 horas, el ej\u00e9rcito de ocupaci\u00f3n israel\u00ed cometi\u00f3 3 masacres en la Franja de Gaza, cobrando la vida de 101 palestinos mientras otros 69 resultaron heridos. El n\u00famero total de v\u00edctimas durante 260 d\u00edas de agresi\u00f3n aument\u00f3 a 37 &hellip;<\/p>\n","protected":false},"author":39,"featured_media":332261,"comment_status":"closed","ping_status":"closed","sticky":false,"template":"","format":"standard","meta":{"footnotes":""},"categories":[597,456,16687,20724,583],"tags":[],"class_list":["post-332260","post","type-post","status-publish","format-standard","has-post-thumbnail","","category-cinta-de-noticias","category-arabe-internacional-politica","category-internacionales","category-minuto-a-minuto","category-slide"],"_links":{"self":[{"href":"https:\/\/archive.sana.sy\/es\/index.php?rest_route=\/wp\/v2\/posts\/332260"}],"collection":[{"href":"https:\/\/archive.sana.sy\/es\/index.php?rest_route=\/wp\/v2\/posts"}],"about":[{"href":"https:\/\/archive.sana.sy\/es\/index.php?rest_route=\/wp\/v2\/types\/post"}],"author":[{"embeddable":true,"href":"https:\/\/archive.sana.sy\/es\/index.php?rest_route=\/wp\/v2\/users\/39"}],"replies":[{"embeddable":true,"href":"https:\/\/archive.sana.sy\/es\/index.php?rest_route=%2Fwp%2Fv2%2Fcomments&post=332260"}],"version-history":[{"count":1,"href":"https:\/\/archive.sana.sy\/es\/index.php?rest_route=\/wp\/v2\/posts\/332260\/revisions"}],"predecessor-version":[{"id":332263,"href":"https:\/\/archive.sana.sy\/es\/index.php?rest_route=\/wp\/v2\/posts\/332260\/revisions\/332263"}],"wp:featuredmedia":[{"embeddable":true,"href":"https:\/\/archive.sana.sy\/es\/index.php?rest_route=\/wp\/v2\/media\/332261"}],"wp:attachment":[{"href":"https:\/\/archive.sana.sy\/es\/index.php?rest_route=%2Fwp%2Fv2%2Fmedia&parent=332260"}],"wp:term":[{"taxonomy":"category","embeddable":true,"href":"https:\/\/archive.sana.sy\/es\/index.php?rest_route=%2Fwp%2Fv2%2Fcategories&post=332260"},{"taxonomy":"post_tag","embeddable":true,"href":"https:\/\/archive.sana.sy\/es\/index.php?rest_route=%2Fwp%2Fv2%2Ftags&post=332260"}],"curies":[{"name":"wp","href":"https:\/\/api.w.org\/{rel}","templated":true}]}}