{"id":332264,"date":"2024-06-22T13:40:31","date_gmt":"2024-06-22T10:40:31","guid":{"rendered":"https:\/\/sana.sy\/es\/?p=332264"},"modified":"2024-06-22T13:40:31","modified_gmt":"2024-06-22T10:40:31","slug":"cuba-se-suma-a-la-demanda-de-sudafrica-contra-israel-ante-la-cij","status":"publish","type":"post","link":"https:\/\/archive.sana.sy\/es\/?p=332264","title":{"rendered":"Cuba se suma a la demanda de Sud\u00e1frica contra Israel ante la CIJ"},"content":{"rendered":"<p style=\"text-align: justify;\"><span style=\"color: #800000;\"><strong>La Habana, 22 jun (SANA)\u00a0<\/strong><\/span> \u00a0El gobierno cubano anunci\u00f3 hoy su decisi\u00f3n de sumarse al proceso judicial iniciado por Sud\u00e1frica ante la Corte Internacional de Justicia para detener los cr\u00edmenes de genocidio cometidos por el ocupante israel\u00ed contra los palestinos en la Franja de Gaza.<\/p>\n<p style=\"text-align: justify;\">El canciller cubano, Bruno Rodr\u00edguez Parrilla, explic\u00f3 que \u201cCuba decidi\u00f3 participar, como tercer pa\u00eds, en la denuncia de Sud\u00e1frica contra \u201cIsrael\u201d ante la Corte Internacional de Justicia\u201d.<\/p>\n<p style=\"text-align: justify;\">En una declaraci\u00f3n, el Ministerio de Relaciones Exteriores de la isla asegur\u00f3 que \u201cen correspondencia con el firme y sostenido compromiso de apoyar y contribuir en todo lo posible a los esfuerzos internacionales leg\u00edtimos para poner fin al genocidio que se comete contra el pueblo palestino, el gobierno de la Rep\u00fablica de Cuba ha decidido intervenir en el procedimiento contencioso iniciado por la Rep\u00fablica de Sud\u00e1frica contra el Estado de Israel ante la Corte Internacional de Justicia.<\/p>\n<p style=\"text-align: justify;\">\u201cAtendiendo a las disposiciones del Art\u00edculo 63 del Estatuto de la Corte, y en estricta observancia de sus obligaciones como Estado Parte de la Convenci\u00f3n para la Prevenci\u00f3n y la Sanci\u00f3n del Delito de Genocidio, Cuba har\u00e1 uso de su derecho a presentar, como Tercer Estado, su interpretaci\u00f3n de las normas de la Convenci\u00f3n que Israel ha violado flagrantemente con sus acciones en el territorio palestino ilegalmente ocupado de la Franja de Gaza, precis\u00f3 el texto.<\/p>\n<p style=\"text-align: justify;\">Agreg\u00f3 que la demanda presentada ante el principal \u00f3rgano judicial de la Organizaci\u00f3n de las Naciones Unidas, tiene como objetivo principal detener las atrocidades contra el pueblo palestino como resultado del uso desproporcionado e indiscriminado de la fuerza por parte de Israel.<\/p>\n<p style=\"text-align: justify;\">La Canciller\u00eda cubana afirm\u00f3 que \u201cIsrael, con total impunidad, protegido por la complicidad del gobierno de los Estados Unidos, ignora sus obligaciones como Potencia Ocupante en virtud del Cuarto Convenio de Ginebra\u201d.<\/p>\n<p style=\"text-align: justify;\">\u201cEl genocidio, el Apartheid, el desplazamiento forzado y los castigos colectivos, no pueden tener cabida en el mundo actual, ni pueden ser tolerados por la comunidad internacional. Debe prevalecer la justicia y el respeto a la Carta de las Naciones Unidas y el Derecho Internacional\u201d, concluy\u00f3 el Ministerio su declaraci\u00f3n.<\/p>\n<p style=\"text-align: justify;\">fm\/sm<\/p>\n","protected":false},"excerpt":{"rendered":"<p>La Habana, 22 jun (SANA)\u00a0 \u00a0El gobierno cubano anunci\u00f3 hoy su decisi\u00f3n de sumarse al proceso judicial iniciado por Sud\u00e1frica ante la Corte Internacional de Justicia para detener los cr\u00edmenes de genocidio cometidos por el ocupante israel\u00ed contra los palestinos en la Franja de Gaza. El canciller cubano, Bruno Rodr\u00edguez Parrilla, explic\u00f3 que \u201cCuba decidi\u00f3 &hellip;<\/p>\n","protected":false},"author":39,"featured_media":332265,"comment_status":"closed","ping_status":"closed","sticky":false,"template":"","format":"standard","meta":{"footnotes":""},"categories":[597,456,16687,20724,583],"tags":[],"class_list":["post-332264","post","type-post","status-publish","format-standard","has-post-thumbnail","","category-cinta-de-noticias","category-arabe-internacional-politica","category-internacionales","category-minuto-a-minuto","category-slide"],"_links":{"self":[{"href":"https:\/\/archive.sana.sy\/es\/index.php?rest_route=\/wp\/v2\/posts\/332264"}],"collection":[{"href":"https:\/\/archive.sana.sy\/es\/index.php?rest_route=\/wp\/v2\/posts"}],"about":[{"href":"https:\/\/archive.sana.sy\/es\/index.php?rest_route=\/wp\/v2\/types\/post"}],"author":[{"embeddable":true,"href":"https:\/\/archive.sana.sy\/es\/index.php?rest_route=\/wp\/v2\/users\/39"}],"replies":[{"embeddable":true,"href":"https:\/\/archive.sana.sy\/es\/index.php?rest_route=%2Fwp%2Fv2%2Fcomments&post=332264"}],"version-history":[{"count":1,"href":"https:\/\/archive.sana.sy\/es\/index.php?rest_route=\/wp\/v2\/posts\/332264\/revisions"}],"predecessor-version":[{"id":332266,"href":"https:\/\/archive.sana.sy\/es\/index.php?rest_route=\/wp\/v2\/posts\/332264\/revisions\/332266"}],"wp:featuredmedia":[{"embeddable":true,"href":"https:\/\/archive.sana.sy\/es\/index.php?rest_route=\/wp\/v2\/media\/332265"}],"wp:attachment":[{"href":"https:\/\/archive.sana.sy\/es\/index.php?rest_route=%2Fwp%2Fv2%2Fmedia&parent=332264"}],"wp:term":[{"taxonomy":"category","embeddable":true,"href":"https:\/\/archive.sana.sy\/es\/index.php?rest_route=%2Fwp%2Fv2%2Fcategories&post=332264"},{"taxonomy":"post_tag","embeddable":true,"href":"https:\/\/archive.sana.sy\/es\/index.php?rest_route=%2Fwp%2Fv2%2Ftags&post=332264"}],"curies":[{"name":"wp","href":"https:\/\/api.w.org\/{rel}","templated":true}]}}