{"id":332267,"date":"2024-06-22T13:56:26","date_gmt":"2024-06-22T10:56:26","guid":{"rendered":"https:\/\/sana.sy\/es\/?p=332267"},"modified":"2024-06-22T13:56:26","modified_gmt":"2024-06-22T10:56:26","slug":"israel-asesino-a-un-nino-palestino-en-cisjordania","status":"publish","type":"post","link":"https:\/\/archive.sana.sy\/es\/?p=332267","title":{"rendered":"Israel asesin\u00f3 a un ni\u00f1o palestino en Cisjordania"},"content":{"rendered":"<p style=\"text-align: justify;\"><span style=\"color: #800000;\"><strong>Jerusal\u00e9n ocupada, 22 jun (SANA)<\/strong> <\/span>El Ministerio de Salud palestino anunci\u00f3 la muerte de un ni\u00f1o de 12 a\u00f1os de edad, tras ser alcanzado por disparos de las fuerzas de ocupaci\u00f3n israel\u00edes en la ciudad de Ramallah, en la ocupada Cisjordania.<\/p>\n<p style=\"text-align: justify;\">La agencia de noticias Wafa inform\u00f3 que las tropas ocupantes irrumpieron la ciudad de Al-Bireh el d\u00eda 14 de este mes y atacaron a los palestinos con balas reales y bombas de gas lacrim\u00f3geno, lo que provoc\u00f3 lesiones graves a un ni\u00f1os que luego falleci\u00f3.<\/p>\n<p style=\"text-align: justify;\">El n\u00famero de muertos en Cisjordania desde el inicio de la agresi\u00f3n israel\u00ed a Gaza el pasado 7 de octubre, ascendi\u00f3 a 553, entre ellos 136 ni\u00f1os.<\/p>\n<p style=\"text-align: justify;\">wd\/fm<\/p>\n<p style=\"text-align: justify;\">\n","protected":false},"excerpt":{"rendered":"<p>Jerusal\u00e9n ocupada, 22 jun (SANA) El Ministerio de Salud palestino anunci\u00f3 la muerte de un ni\u00f1o de 12 a\u00f1os de edad, tras ser alcanzado por disparos de las fuerzas de ocupaci\u00f3n israel\u00edes en la ciudad de Ramallah, en la ocupada Cisjordania. La agencia de noticias Wafa inform\u00f3 que las tropas ocupantes irrumpieron la ciudad de &hellip;<\/p>\n","protected":false},"author":39,"featured_media":332268,"comment_status":"closed","ping_status":"closed","sticky":false,"template":"","format":"standard","meta":{"footnotes":""},"categories":[597,456,16687,20724,7541],"tags":[],"class_list":["post-332267","post","type-post","status-publish","format-standard","has-post-thumbnail","","category-cinta-de-noticias","category-arabe-internacional-politica","category-internacionales","category-minuto-a-minuto","category-ultimas-noticias"],"_links":{"self":[{"href":"https:\/\/archive.sana.sy\/es\/index.php?rest_route=\/wp\/v2\/posts\/332267"}],"collection":[{"href":"https:\/\/archive.sana.sy\/es\/index.php?rest_route=\/wp\/v2\/posts"}],"about":[{"href":"https:\/\/archive.sana.sy\/es\/index.php?rest_route=\/wp\/v2\/types\/post"}],"author":[{"embeddable":true,"href":"https:\/\/archive.sana.sy\/es\/index.php?rest_route=\/wp\/v2\/users\/39"}],"replies":[{"embeddable":true,"href":"https:\/\/archive.sana.sy\/es\/index.php?rest_route=%2Fwp%2Fv2%2Fcomments&post=332267"}],"version-history":[{"count":1,"href":"https:\/\/archive.sana.sy\/es\/index.php?rest_route=\/wp\/v2\/posts\/332267\/revisions"}],"predecessor-version":[{"id":332269,"href":"https:\/\/archive.sana.sy\/es\/index.php?rest_route=\/wp\/v2\/posts\/332267\/revisions\/332269"}],"wp:featuredmedia":[{"embeddable":true,"href":"https:\/\/archive.sana.sy\/es\/index.php?rest_route=\/wp\/v2\/media\/332268"}],"wp:attachment":[{"href":"https:\/\/archive.sana.sy\/es\/index.php?rest_route=%2Fwp%2Fv2%2Fmedia&parent=332267"}],"wp:term":[{"taxonomy":"category","embeddable":true,"href":"https:\/\/archive.sana.sy\/es\/index.php?rest_route=%2Fwp%2Fv2%2Fcategories&post=332267"},{"taxonomy":"post_tag","embeddable":true,"href":"https:\/\/archive.sana.sy\/es\/index.php?rest_route=%2Fwp%2Fv2%2Ftags&post=332267"}],"curies":[{"name":"wp","href":"https:\/\/api.w.org\/{rel}","templated":true}]}}