{"id":332282,"date":"2024-06-22T14:40:43","date_gmt":"2024-06-22T11:40:43","guid":{"rendered":"https:\/\/sana.sy\/es\/?p=332282"},"modified":"2024-06-22T18:28:32","modified_gmt":"2024-06-22T15:28:32","slug":"portaviones-uss-dwight-d-eisenhower-abandona-el-mar-rojo-tras-ataques-yemenies","status":"publish","type":"post","link":"https:\/\/archive.sana.sy\/es\/?p=332282","title":{"rendered":"Portaviones USS Dwight D. Eisenhower abandona el Mar Rojo tras ataques yemen\u00edes"},"content":{"rendered":"<p style=\"text-align: justify;\"><span style=\"color: #800000;\"><strong>Washinton, 22 jun (SANA)\u00a0<\/strong> <\/span>El portaviones nuclear USS Dwight D. Eisenhower, que desde octubre de 2023 cumple la tarea de interceptar los ataques de las fuerzas yemen\u00edes contra barcos vinculados con &#8220;Israel&#8221;, recibi\u00f3 la orden de abandonar el mar Rojo.<\/p>\n<p style=\"text-align: justify;\">De acuerdo con medios estadounidenses, el secretario de Defensa del pa\u00eds norteamericano, Lloyd Austin, opt\u00f3 por no extender la misi\u00f3n del buque, que regresar\u00e1 a su base en Norfolk (Virginia).<\/p>\n<p style=\"text-align: justify;\">El USS Dwight D. Eisenhower, que ha pasado m\u00e1s de ocho meses en el mar Rojo, ser\u00e1 sustituido por otro portaviones que llegar\u00e1 desde el Pac\u00edfico, a\u00f1adi\u00f3 la fuente, sin dar m\u00e1s detalles.<\/p>\n<p style=\"text-align: justify;\">fm\/rr<\/p>\n","protected":false},"excerpt":{"rendered":"<p>Washinton, 22 jun (SANA)\u00a0 El portaviones nuclear USS Dwight D. Eisenhower, que desde octubre de 2023 cumple la tarea de interceptar los ataques de las fuerzas yemen\u00edes contra barcos vinculados con &#8220;Israel&#8221;, recibi\u00f3 la orden de abandonar el mar Rojo. De acuerdo con medios estadounidenses, el secretario de Defensa del pa\u00eds norteamericano, Lloyd Austin, opt\u00f3 &hellip;<\/p>\n","protected":false},"author":31,"featured_media":332283,"comment_status":"closed","ping_status":"closed","sticky":false,"template":"","format":"standard","meta":{"footnotes":""},"categories":[597,456,16687,7541],"tags":[],"class_list":["post-332282","post","type-post","status-publish","format-standard","has-post-thumbnail","","category-cinta-de-noticias","category-arabe-internacional-politica","category-internacionales","category-ultimas-noticias"],"_links":{"self":[{"href":"https:\/\/archive.sana.sy\/es\/index.php?rest_route=\/wp\/v2\/posts\/332282"}],"collection":[{"href":"https:\/\/archive.sana.sy\/es\/index.php?rest_route=\/wp\/v2\/posts"}],"about":[{"href":"https:\/\/archive.sana.sy\/es\/index.php?rest_route=\/wp\/v2\/types\/post"}],"author":[{"embeddable":true,"href":"https:\/\/archive.sana.sy\/es\/index.php?rest_route=\/wp\/v2\/users\/31"}],"replies":[{"embeddable":true,"href":"https:\/\/archive.sana.sy\/es\/index.php?rest_route=%2Fwp%2Fv2%2Fcomments&post=332282"}],"version-history":[{"count":1,"href":"https:\/\/archive.sana.sy\/es\/index.php?rest_route=\/wp\/v2\/posts\/332282\/revisions"}],"predecessor-version":[{"id":332284,"href":"https:\/\/archive.sana.sy\/es\/index.php?rest_route=\/wp\/v2\/posts\/332282\/revisions\/332284"}],"wp:featuredmedia":[{"embeddable":true,"href":"https:\/\/archive.sana.sy\/es\/index.php?rest_route=\/wp\/v2\/media\/332283"}],"wp:attachment":[{"href":"https:\/\/archive.sana.sy\/es\/index.php?rest_route=%2Fwp%2Fv2%2Fmedia&parent=332282"}],"wp:term":[{"taxonomy":"category","embeddable":true,"href":"https:\/\/archive.sana.sy\/es\/index.php?rest_route=%2Fwp%2Fv2%2Fcategories&post=332282"},{"taxonomy":"post_tag","embeddable":true,"href":"https:\/\/archive.sana.sy\/es\/index.php?rest_route=%2Fwp%2Fv2%2Ftags&post=332282"}],"curies":[{"name":"wp","href":"https:\/\/api.w.org\/{rel}","templated":true}]}}