{"id":332355,"date":"2024-06-24T09:36:23","date_gmt":"2024-06-24T06:36:23","guid":{"rendered":"https:\/\/sana.sy\/es\/?p=332355"},"modified":"2024-06-24T09:36:45","modified_gmt":"2024-06-24T06:36:45","slug":"bombardeo-israeli-mata-al-director-del-servicio-de-ambulancias-en-gaza","status":"publish","type":"post","link":"https:\/\/archive.sana.sy\/es\/?p=332355","title":{"rendered":"Bombardeo israel\u00ed mata al director del Servicio de Ambulancias en Gaza"},"content":{"rendered":"<p style=\"text-align: justify;\"><span style=\"color: #800000;\"><strong>Jerusal\u00e9n ocupada, 24 jun (SANA)<\/strong><\/span>\u00a0 \u00a0El director del Servicio de Ambulancias y del Departamento de Emergencias del Ministerio de Salud palestino en la Franja de Gaza, Hani al Yaafrawi, perdi\u00f3 la vida este domingo en un ataque nocturno del ej\u00e9rcito israel\u00ed contra su cl\u00ednica en el barrio Al-Daraj, en el centro de la ciudad de Gaza.<\/p>\n<p style=\"text-align: justify;\">Seg\u00fan informaron medios de prensa palestinos, una incursi\u00f3n israel\u00ed cobr\u00f3 la vida de al Yaafrawi junto a otro miembro de su equipo m\u00e9dico.<\/p>\n<p style=\"text-align: justify;\">Mientras tanto, en la ciudad sure\u00f1a de Rafah, dos desplazados murieron y otros fueron lesionados en semejantes agresiones sionistas.<\/p>\n<p style=\"text-align: justify;\">Asimismo, las tropas israel\u00edes abrieron fuego contra un civil en la regi\u00f3n \u201cAl-Shoka\u201d provocando su muerte.<\/p>\n<p style=\"text-align: justify;\">Desde el comienzo de la actual agresi\u00f3n israel\u00ed contra Gaza, los hospitales, cl\u00ednicas, ambulancias y otras infraestructuras m\u00e9dicas vitales en el enclave palestino han sido blancos de violentos ataques de \u201cIsrael\u201d lo que provoc\u00f3 la muerte de muchos trabajadores de la salud.<br \/>\n<strong><br \/>\n<span style=\"color: #800000;\">ws\/fm<\/span><\/strong><\/p>\n","protected":false},"excerpt":{"rendered":"<p>Jerusal\u00e9n ocupada, 24 jun (SANA)\u00a0 \u00a0El director del Servicio de Ambulancias y del Departamento de Emergencias del Ministerio de Salud palestino en la Franja de Gaza, Hani al Yaafrawi, perdi\u00f3 la vida este domingo en un ataque nocturno del ej\u00e9rcito israel\u00ed contra su cl\u00ednica en el barrio Al-Daraj, en el centro de la ciudad de &hellip;<\/p>\n","protected":false},"author":35,"featured_media":332356,"comment_status":"closed","ping_status":"closed","sticky":false,"template":"","format":"standard","meta":{"footnotes":""},"categories":[597,456,16687,20724,7541],"tags":[],"class_list":["post-332355","post","type-post","status-publish","format-standard","has-post-thumbnail","","category-cinta-de-noticias","category-arabe-internacional-politica","category-internacionales","category-minuto-a-minuto","category-ultimas-noticias"],"_links":{"self":[{"href":"https:\/\/archive.sana.sy\/es\/index.php?rest_route=\/wp\/v2\/posts\/332355"}],"collection":[{"href":"https:\/\/archive.sana.sy\/es\/index.php?rest_route=\/wp\/v2\/posts"}],"about":[{"href":"https:\/\/archive.sana.sy\/es\/index.php?rest_route=\/wp\/v2\/types\/post"}],"author":[{"embeddable":true,"href":"https:\/\/archive.sana.sy\/es\/index.php?rest_route=\/wp\/v2\/users\/35"}],"replies":[{"embeddable":true,"href":"https:\/\/archive.sana.sy\/es\/index.php?rest_route=%2Fwp%2Fv2%2Fcomments&post=332355"}],"version-history":[{"count":2,"href":"https:\/\/archive.sana.sy\/es\/index.php?rest_route=\/wp\/v2\/posts\/332355\/revisions"}],"predecessor-version":[{"id":332358,"href":"https:\/\/archive.sana.sy\/es\/index.php?rest_route=\/wp\/v2\/posts\/332355\/revisions\/332358"}],"wp:featuredmedia":[{"embeddable":true,"href":"https:\/\/archive.sana.sy\/es\/index.php?rest_route=\/wp\/v2\/media\/332356"}],"wp:attachment":[{"href":"https:\/\/archive.sana.sy\/es\/index.php?rest_route=%2Fwp%2Fv2%2Fmedia&parent=332355"}],"wp:term":[{"taxonomy":"category","embeddable":true,"href":"https:\/\/archive.sana.sy\/es\/index.php?rest_route=%2Fwp%2Fv2%2Fcategories&post=332355"},{"taxonomy":"post_tag","embeddable":true,"href":"https:\/\/archive.sana.sy\/es\/index.php?rest_route=%2Fwp%2Fv2%2Ftags&post=332355"}],"curies":[{"name":"wp","href":"https:\/\/api.w.org\/{rel}","templated":true}]}}