{"id":332377,"date":"2024-06-24T17:10:38","date_gmt":"2024-06-24T14:10:38","guid":{"rendered":"https:\/\/sana.sy\/es\/?p=332377"},"modified":"2024-06-24T17:10:54","modified_gmt":"2024-06-24T14:10:54","slug":"37-626-muertos-y-86-098-heridos-en-262-dias-de-agresion-israeli-contra-gaza","status":"publish","type":"post","link":"https:\/\/archive.sana.sy\/es\/?p=332377","title":{"rendered":"37.626 muertos y 86.098 heridos en 262 d\u00edas de agresi\u00f3n israel\u00ed contra Gaza"},"content":{"rendered":"<p style=\"text-align: justify\"><span style=\"color: #800000\"><strong>Jerusal\u00e9n ocupada, 24 jun (SANA)<\/strong> <\/span>El n\u00famero total de v\u00edctimas palestinas durante 262 d\u00edas de agresi\u00f3n israel\u00ed en la Franja de Gaza aument\u00f3 a 37.626 muertos y 86.098 heridos, anunci\u00f3 el Ministerio de Salud palestino.<\/p>\n<p style=\"text-align: justify\">De acuerdo con el ente de salud, durante las \u00faltimas 24 horas, 28 palestinos perdieron la vida y 66 resultaron heridos por los bombardeos israel\u00edes.<\/p>\n<p style=\"text-align: justify\">La cifra anterior no incluye a los 13.000 palestinos que se encuentran desaparecidos bajo los escombros.<\/p>\n<p style=\"text-align: justify\">Durante el d\u00eda de hoy, al menos siete palestinos perdieron la vida y decenas resultaron heridos en bombardeo del ocupaci\u00f3n israel\u00ed contra el barrio de Al-Zaytoun en la ciudad de Gaza y los campamentos de Bureij y Nuseirat en el centro.<\/p>\n<p>fm\/ed<\/p>\n","protected":false},"excerpt":{"rendered":"<p>Jerusal\u00e9n ocupada, 24 jun (SANA) El n\u00famero total de v\u00edctimas palestinas durante 262 d\u00edas de agresi\u00f3n israel\u00ed en la Franja de Gaza aument\u00f3 a 37.626 muertos y 86.098 heridos, anunci\u00f3 el Ministerio de Salud palestino. De acuerdo con el ente de salud, durante las \u00faltimas 24 horas, 28 palestinos perdieron la vida y 66 resultaron &hellip;<\/p>\n","protected":false},"author":32,"featured_media":332380,"comment_status":"closed","ping_status":"closed","sticky":false,"template":"","format":"standard","meta":{"footnotes":""},"categories":[597,456,20724,583],"tags":[],"class_list":["post-332377","post","type-post","status-publish","format-standard","has-post-thumbnail","","category-cinta-de-noticias","category-arabe-internacional-politica","category-minuto-a-minuto","category-slide"],"_links":{"self":[{"href":"https:\/\/archive.sana.sy\/es\/index.php?rest_route=\/wp\/v2\/posts\/332377"}],"collection":[{"href":"https:\/\/archive.sana.sy\/es\/index.php?rest_route=\/wp\/v2\/posts"}],"about":[{"href":"https:\/\/archive.sana.sy\/es\/index.php?rest_route=\/wp\/v2\/types\/post"}],"author":[{"embeddable":true,"href":"https:\/\/archive.sana.sy\/es\/index.php?rest_route=\/wp\/v2\/users\/32"}],"replies":[{"embeddable":true,"href":"https:\/\/archive.sana.sy\/es\/index.php?rest_route=%2Fwp%2Fv2%2Fcomments&post=332377"}],"version-history":[{"count":2,"href":"https:\/\/archive.sana.sy\/es\/index.php?rest_route=\/wp\/v2\/posts\/332377\/revisions"}],"predecessor-version":[{"id":332395,"href":"https:\/\/archive.sana.sy\/es\/index.php?rest_route=\/wp\/v2\/posts\/332377\/revisions\/332395"}],"wp:featuredmedia":[{"embeddable":true,"href":"https:\/\/archive.sana.sy\/es\/index.php?rest_route=\/wp\/v2\/media\/332380"}],"wp:attachment":[{"href":"https:\/\/archive.sana.sy\/es\/index.php?rest_route=%2Fwp%2Fv2%2Fmedia&parent=332377"}],"wp:term":[{"taxonomy":"category","embeddable":true,"href":"https:\/\/archive.sana.sy\/es\/index.php?rest_route=%2Fwp%2Fv2%2Fcategories&post=332377"},{"taxonomy":"post_tag","embeddable":true,"href":"https:\/\/archive.sana.sy\/es\/index.php?rest_route=%2Fwp%2Fv2%2Ftags&post=332377"}],"curies":[{"name":"wp","href":"https:\/\/api.w.org\/{rel}","templated":true}]}}