{"id":332381,"date":"2024-06-24T17:08:28","date_gmt":"2024-06-24T14:08:28","guid":{"rendered":"https:\/\/sana.sy\/es\/?p=332381"},"modified":"2024-06-24T17:12:13","modified_gmt":"2024-06-24T14:12:13","slug":"fuerzas-rusas-destruyen-centro-logistico-ucraniano-donde-se-acumulan-armas-occidentales","status":"publish","type":"post","link":"https:\/\/archive.sana.sy\/es\/?p=332381","title":{"rendered":"Fuerzas rusas destruyen centro log\u00edstico ucraniano donde se acumulan armas occidentales"},"content":{"rendered":"<p style=\"text-align: justify\"><strong><span style=\"color: #800000\">Mosc\u00fa, 24 jun (SANA)<\/span><\/strong> El Ej\u00e9rcito ruso destruy\u00f3 un centro log\u00edstico ucraniano donde se acumulaban armas suministradas por pa\u00edses occidentales, inform\u00f3 hoy el Ministerio de Defensa de la naci\u00f3n euroasi\u00e1tica en su informe diario para este 24 de junio sobre el avance de la operaci\u00f3n militar especial.<\/p>\n<p style=\"text-align: justify\">Asegur\u00f3 que los sistemas rusos de defensa antia\u00e9rea derribaron 176 drones y 20 misiles fabricados en Estados Unidos tipo Atacms, Patriot y Himars.<\/p>\n<p style=\"text-align: justify\">En las zonas de operaciones de los grupos Norte y Oeste en J\u00e1rkov y Lugansk, las bajas del ej\u00e9rcito ucraniano ascendieron a 700 militares, un tanque, 3 blindados de combate, 26 autom\u00f3viles, dos obuses Panzarhaubitze-2000, 2 estaciones de lucha radioelectr\u00f3nica y 4 ob\u00fas D-30, un ca\u00f1\u00f3n M119 y un dep\u00f3sito de municiones de artiller\u00eda.<\/p>\n<p style=\"text-align: justify\">A su vez, las tropas de los grupo Sur y Centro en Donetsk, las p\u00e9rdidas de las fuerzas armadas de Ucrania fueron de m\u00e1s de 1.040 efectivos, un tanque, tres veh\u00edculos blindados de transporte de tropas M113 y MaxxPro, un ob\u00fas M777, un ob\u00fas FH-70, dos ca\u00f1ones D-20, 2 obuses D-30, un ob\u00fas 2A65 Msta-B y un ca\u00f1\u00f3n M119.<\/p>\n<p style=\"text-align: justify\">Mientras las acciones del grupo Este dejaron m\u00e1s de 140 bajas entre los militares de Kiev.<\/p>\n<p style=\"text-align: justify\">En el sector de responsabilidad del grupo Dnepr en la regi\u00f3n de Jers\u00f3n, Kiev perdi\u00f3 hasta 125 soldados, un tanque, un ob\u00fas M777, un ca\u00f1\u00f3n D-20 y un ob\u00fas 2A65 Msta-B.<\/p>\n<p style=\"text-align: justify\">fm\/ed<\/p>\n","protected":false},"excerpt":{"rendered":"<p>Mosc\u00fa, 24 jun (SANA) El Ej\u00e9rcito ruso destruy\u00f3 un centro log\u00edstico ucraniano donde se acumulaban armas suministradas por pa\u00edses occidentales, inform\u00f3 hoy el Ministerio de Defensa de la naci\u00f3n euroasi\u00e1tica en su informe diario para este 24 de junio sobre el avance de la operaci\u00f3n militar especial. Asegur\u00f3 que los sistemas rusos de defensa antia\u00e9rea &hellip;<\/p>\n","protected":false},"author":32,"featured_media":332382,"comment_status":"closed","ping_status":"closed","sticky":false,"template":"","format":"standard","meta":{"footnotes":""},"categories":[597,456,20724,583],"tags":[],"class_list":["post-332381","post","type-post","status-publish","format-standard","has-post-thumbnail","","category-cinta-de-noticias","category-arabe-internacional-politica","category-minuto-a-minuto","category-slide"],"_links":{"self":[{"href":"https:\/\/archive.sana.sy\/es\/index.php?rest_route=\/wp\/v2\/posts\/332381"}],"collection":[{"href":"https:\/\/archive.sana.sy\/es\/index.php?rest_route=\/wp\/v2\/posts"}],"about":[{"href":"https:\/\/archive.sana.sy\/es\/index.php?rest_route=\/wp\/v2\/types\/post"}],"author":[{"embeddable":true,"href":"https:\/\/archive.sana.sy\/es\/index.php?rest_route=\/wp\/v2\/users\/32"}],"replies":[{"embeddable":true,"href":"https:\/\/archive.sana.sy\/es\/index.php?rest_route=%2Fwp%2Fv2%2Fcomments&post=332381"}],"version-history":[{"count":2,"href":"https:\/\/archive.sana.sy\/es\/index.php?rest_route=\/wp\/v2\/posts\/332381\/revisions"}],"predecessor-version":[{"id":332396,"href":"https:\/\/archive.sana.sy\/es\/index.php?rest_route=\/wp\/v2\/posts\/332381\/revisions\/332396"}],"wp:featuredmedia":[{"embeddable":true,"href":"https:\/\/archive.sana.sy\/es\/index.php?rest_route=\/wp\/v2\/media\/332382"}],"wp:attachment":[{"href":"https:\/\/archive.sana.sy\/es\/index.php?rest_route=%2Fwp%2Fv2%2Fmedia&parent=332381"}],"wp:term":[{"taxonomy":"category","embeddable":true,"href":"https:\/\/archive.sana.sy\/es\/index.php?rest_route=%2Fwp%2Fv2%2Fcategories&post=332381"},{"taxonomy":"post_tag","embeddable":true,"href":"https:\/\/archive.sana.sy\/es\/index.php?rest_route=%2Fwp%2Fv2%2Ftags&post=332381"}],"curies":[{"name":"wp","href":"https:\/\/api.w.org\/{rel}","templated":true}]}}