{"id":332399,"date":"2024-06-24T18:11:25","date_gmt":"2024-06-24T15:11:25","guid":{"rendered":"https:\/\/sana.sy\/es\/?p=332399"},"modified":"2024-06-24T18:14:15","modified_gmt":"2024-06-24T15:14:15","slug":"rusia-no-tiene-duda-sobre-implicacion-de-eeuu-en-el-acto-terrorista-contra-sebastopol-afirma-cancilleria-rusa","status":"publish","type":"post","link":"https:\/\/archive.sana.sy\/es\/?p=332399","title":{"rendered":"Rusia no tiene duda sobre implicaci\u00f3n de EEUU en el acto terrorista contra Sebastopol, afirma Canciller\u00eda rusa"},"content":{"rendered":"<p style=\"text-align: justify\"><span style=\"color: #800000\"><strong>Mosc\u00fa, 24 jun (SANA)<\/strong> <\/span>El Ministerio de Exteriores de Rusia no ha descartado la involucraci\u00f3n de Washington en el ataque terrorista contra Sebastopol que ocurri\u00f3 el domingo pasado.<\/p>\n<p style=\"text-align: justify\">&#8220;La participaci\u00f3n de Estados Unidos en este horrible crimen est\u00e1 fuera de toda duda&#8221;, se\u00f1al\u00f3 el Ministerio en un comunicado que emiti\u00f3 este lunes. \u00a0Afirm\u00f3 que Rusia, responder\u00e1, sin duda a este crimen.<\/p>\n<p style=\"text-align: justify\">&#8220;El 23 de junio, el r\u00e9gimen de Kiev, con el apoyo de Estados Unidos y sus sat\u00e9lites, cometi\u00f3 otro atroz crimen terrorista contra la poblaci\u00f3n civil de Rusia. Sebastopol fue atacado&#8221;, se\u00f1al\u00f3. comunicado.<\/p>\n<p style=\"text-align: justify\">Agreg\u00f3 que el r\u00e9gimen escogi\u00f3 \u201cintencionalmente\u201d una fiesta religiosa muy importante, que es el d\u00eda de la Sant\u00edsima Trinidad, para cometer este \u201cataque terrorista&#8221;.<\/p>\n<p style=\"text-align: justify\">&#8220;Seg\u00fan el Ministerio de Defensa ruso, se utilizaron misiles t\u00e1cticos estadounidenses ATACMS, equipados con ojivas de racimo para causar el m\u00e1ximo da\u00f1o. Todos los itinerarios de vuelo fueron trazados por especialistas estadounidenses bas\u00e1ndose en sus propios datos de reconocimiento satelital. Un dron de reconocimiento estadounidense Global Hawk estaba de servicio en los cielos cerca de Crimea.&#8221;, inform\u00f3.<\/p>\n<p style=\"text-align: justify\">Fustig\u00f3 que Washington y sus aliados fomentaron al r\u00e9gimen neonazi de Kiev a llevar a cabo actos de terrorismo internacional, a matar a civiles rusos, \u201cincluso con el uso de uno de los tipos m\u00e1s terribles de armas inhumanas: las municiones de racimo\u201d.<\/p>\n<p style=\"text-align: justify\">Subray\u00f3 que el Comit\u00e9 ruso de Investigaci\u00f3n sobre este crimen ya empez\u00f3 su trabajo, aseverando que &#8220;Todos los responsables de \u00e9ste y otros ataques terroristas contra el territorio de la Federaci\u00f3n Rusa rendir\u00e1n cuentas ante la justicia&#8221;.<\/p>\n<p style=\"text-align: justify\">la<\/p>\n","protected":false},"excerpt":{"rendered":"<p>Mosc\u00fa, 24 jun (SANA) El Ministerio de Exteriores de Rusia no ha descartado la involucraci\u00f3n de Washington en el ataque terrorista contra Sebastopol que ocurri\u00f3 el domingo pasado. &#8220;La participaci\u00f3n de Estados Unidos en este horrible crimen est\u00e1 fuera de toda duda&#8221;, se\u00f1al\u00f3 el Ministerio en un comunicado que emiti\u00f3 este lunes. \u00a0Afirm\u00f3 que Rusia, &hellip;<\/p>\n","protected":false},"author":24,"featured_media":332401,"comment_status":"closed","ping_status":"closed","sticky":false,"template":"","format":"standard","meta":{"footnotes":""},"categories":[597,456,20724,583],"tags":[],"class_list":["post-332399","post","type-post","status-publish","format-standard","has-post-thumbnail","","category-cinta-de-noticias","category-arabe-internacional-politica","category-minuto-a-minuto","category-slide"],"_links":{"self":[{"href":"https:\/\/archive.sana.sy\/es\/index.php?rest_route=\/wp\/v2\/posts\/332399"}],"collection":[{"href":"https:\/\/archive.sana.sy\/es\/index.php?rest_route=\/wp\/v2\/posts"}],"about":[{"href":"https:\/\/archive.sana.sy\/es\/index.php?rest_route=\/wp\/v2\/types\/post"}],"author":[{"embeddable":true,"href":"https:\/\/archive.sana.sy\/es\/index.php?rest_route=\/wp\/v2\/users\/24"}],"replies":[{"embeddable":true,"href":"https:\/\/archive.sana.sy\/es\/index.php?rest_route=%2Fwp%2Fv2%2Fcomments&post=332399"}],"version-history":[{"count":1,"href":"https:\/\/archive.sana.sy\/es\/index.php?rest_route=\/wp\/v2\/posts\/332399\/revisions"}],"predecessor-version":[{"id":332400,"href":"https:\/\/archive.sana.sy\/es\/index.php?rest_route=\/wp\/v2\/posts\/332399\/revisions\/332400"}],"wp:featuredmedia":[{"embeddable":true,"href":"https:\/\/archive.sana.sy\/es\/index.php?rest_route=\/wp\/v2\/media\/332401"}],"wp:attachment":[{"href":"https:\/\/archive.sana.sy\/es\/index.php?rest_route=%2Fwp%2Fv2%2Fmedia&parent=332399"}],"wp:term":[{"taxonomy":"category","embeddable":true,"href":"https:\/\/archive.sana.sy\/es\/index.php?rest_route=%2Fwp%2Fv2%2Fcategories&post=332399"},{"taxonomy":"post_tag","embeddable":true,"href":"https:\/\/archive.sana.sy\/es\/index.php?rest_route=%2Fwp%2Fv2%2Ftags&post=332399"}],"curies":[{"name":"wp","href":"https:\/\/api.w.org\/{rel}","templated":true}]}}