{"id":332404,"date":"2024-06-24T19:09:22","date_gmt":"2024-06-24T16:09:22","guid":{"rendered":"https:\/\/sana.sy\/es\/?p=332404"},"modified":"2024-06-24T19:13:11","modified_gmt":"2024-06-24T16:13:11","slug":"israel-privo-a-39-mil-alumnos-de-secundaria-en-gaza-de-presentarse-a-los-examenes","status":"publish","type":"post","link":"https:\/\/archive.sana.sy\/es\/?p=332404","title":{"rendered":"\u201cIsrael\u201d priv\u00f3 a 39 mil alumnos de secundaria en Gaza de presentar ex\u00e1menes"},"content":{"rendered":"<p style=\"text-align: justify\"><span style=\"color: #800000\"><strong>Jerusal\u00e9n ocupada, 24 jun (SANA)<\/strong> <\/span>La UNRWA revel\u00f3 que en Gaza 39 mil estudiantes no pueden presentarse a sus ex\u00e1menes y m\u00e1s de medio mill\u00f3n de ni\u00f1os se han visto privados de educaci\u00f3n durante los \u00faltimos 8 meses.<\/p>\n<p style=\"text-align: justify\">&#8220;Es horrible que a estos ni\u00f1os, adem\u00e1s de todo lo dem\u00e1s, se les haya negado esta oportunidad&#8221;, se\u00f1al\u00f3 Sam Rose, director de Planificaci\u00f3n de la agencia.<\/p>\n<p style=\"text-align: justify\">En el mismo contexto, la oficina de prensa en Gaza explic\u00f3 que la primera convocatoria de ex\u00e1menes de secundaria comenz\u00f3 en Palestina el pasado s\u00e1bado, en momentos en que m\u00e1s de 800 mil estudiantes de diversos niveles educativos en Gaza, incluidos 39 mil alumnos de secundaria, se encuentran privados de su derecho a la educaci\u00f3n desde el inicio de la b\u00e1rbara guerra israel\u00ed.<\/p>\n<p style=\"text-align: justify\">Inform\u00f3 que m\u00e1s del 85 por ciento de las instalaciones educativas salieron del servicio como resultado de los ataques directos y deliberados de la aviaci\u00f3n israel\u00ed.<\/p>\n<p style=\"text-align: justify\">Lament\u00f3 que unos 450 estudiantes de secundaria, 430 en Gaza y 20 en Cisjordania, que iban a ser examinados perdieron la vida durante la agresi\u00f3n.<\/p>\n<p style=\"text-align: justify\">Las autoridades ocupantes siguen deteniendo a 55 estudiantes de Cisjordania y priv\u00e1ndolos de tomar las pruebas, denunci\u00f3.<\/p>\n<p>&nbsp;<\/p>\n<p>la<\/p>\n","protected":false},"excerpt":{"rendered":"<p>Jerusal\u00e9n ocupada, 24 jun (SANA) La UNRWA revel\u00f3 que en Gaza 39 mil estudiantes no pueden presentarse a sus ex\u00e1menes y m\u00e1s de medio mill\u00f3n de ni\u00f1os se han visto privados de educaci\u00f3n durante los \u00faltimos 8 meses. &#8220;Es horrible que a estos ni\u00f1os, adem\u00e1s de todo lo dem\u00e1s, se les haya negado esta oportunidad&#8221;, &hellip;<\/p>\n","protected":false},"author":24,"featured_media":332405,"comment_status":"closed","ping_status":"closed","sticky":false,"template":"","format":"standard","meta":{"footnotes":""},"categories":[597,456,20724,7541],"tags":[],"class_list":["post-332404","post","type-post","status-publish","format-standard","has-post-thumbnail","","category-cinta-de-noticias","category-arabe-internacional-politica","category-minuto-a-minuto","category-ultimas-noticias"],"_links":{"self":[{"href":"https:\/\/archive.sana.sy\/es\/index.php?rest_route=\/wp\/v2\/posts\/332404"}],"collection":[{"href":"https:\/\/archive.sana.sy\/es\/index.php?rest_route=\/wp\/v2\/posts"}],"about":[{"href":"https:\/\/archive.sana.sy\/es\/index.php?rest_route=\/wp\/v2\/types\/post"}],"author":[{"embeddable":true,"href":"https:\/\/archive.sana.sy\/es\/index.php?rest_route=\/wp\/v2\/users\/24"}],"replies":[{"embeddable":true,"href":"https:\/\/archive.sana.sy\/es\/index.php?rest_route=%2Fwp%2Fv2%2Fcomments&post=332404"}],"version-history":[{"count":2,"href":"https:\/\/archive.sana.sy\/es\/index.php?rest_route=\/wp\/v2\/posts\/332404\/revisions"}],"predecessor-version":[{"id":332407,"href":"https:\/\/archive.sana.sy\/es\/index.php?rest_route=\/wp\/v2\/posts\/332404\/revisions\/332407"}],"wp:featuredmedia":[{"embeddable":true,"href":"https:\/\/archive.sana.sy\/es\/index.php?rest_route=\/wp\/v2\/media\/332405"}],"wp:attachment":[{"href":"https:\/\/archive.sana.sy\/es\/index.php?rest_route=%2Fwp%2Fv2%2Fmedia&parent=332404"}],"wp:term":[{"taxonomy":"category","embeddable":true,"href":"https:\/\/archive.sana.sy\/es\/index.php?rest_route=%2Fwp%2Fv2%2Fcategories&post=332404"},{"taxonomy":"post_tag","embeddable":true,"href":"https:\/\/archive.sana.sy\/es\/index.php?rest_route=%2Fwp%2Fv2%2Ftags&post=332404"}],"curies":[{"name":"wp","href":"https:\/\/api.w.org\/{rel}","templated":true}]}}