{"id":332410,"date":"2024-06-24T19:56:53","date_gmt":"2024-06-24T16:56:53","guid":{"rendered":"https:\/\/sana.sy\/es\/?p=332410"},"modified":"2024-06-24T19:56:53","modified_gmt":"2024-06-24T16:56:53","slug":"eeuu-y-ucrania-arderan-en-el-infierno-afirma-medvedev","status":"publish","type":"post","link":"https:\/\/archive.sana.sy\/es\/?p=332410","title":{"rendered":"&#8220;EEUU y Ucrania arder\u00e1n en el infierno&#8221;, afirma Medv\u00e9dev"},"content":{"rendered":"<blockquote><p><span style=\"color: #800000\">El expresidente afirm\u00f3 que estos ataques no son un acto b\u00e9lico, sino un &#8220;vil y despreciable acto de terrorismo&#8221;.<\/span><\/p><\/blockquote>\n<p><span style=\"color: #800000\"><strong>Mosc\u00fa, 24 jun (SANA)<\/strong> <\/span>El vicepresidente del Consejo de Seguridad de Rusia, Dmitri Medv\u00e9dev, conden\u00f3 el ataque de las fuerzas ucranianas con municiones de racimo contra Sebastopol en Crimea y aventur\u00f3 que Washington y Kiev &#8220;arder\u00e1n en el infierno&#8221;.<\/p>\n<p>&#8220;Los bastardos de EE.UU. suministran misiles de racimo a los banderistas seguidores del colaborador nazi Step\u00e1n Bandera y ayudan a guiarlos a su objetivo. Los bastardos de Kiev apuntan a una playa con civiles y aprietan el bot\u00f3n. Ambos arder\u00e1n en el infierno. Con suerte, no s\u00f3lo en el fuego sagrado, sino incluso antes en el fuego terrenal&#8221;, comunic\u00f3 el alto funcionario ruso en su cuenta de Telegram citado por el sitio web de RT.<\/p>\n<p>En este contexto, el expresidente afirm\u00f3 que estos ataques no son un acto b\u00e9lico, sino un &#8220;vil y despreciable acto de terrorismo&#8221;.<\/p>\n<p>fm\/la<\/p>\n","protected":false},"excerpt":{"rendered":"<p>El expresidente afirm\u00f3 que estos ataques no son un acto b\u00e9lico, sino un &#8220;vil y despreciable acto de terrorismo&#8221;. Mosc\u00fa, 24 jun (SANA) El vicepresidente del Consejo de Seguridad de Rusia, Dmitri Medv\u00e9dev, conden\u00f3 el ataque de las fuerzas ucranianas con municiones de racimo contra Sebastopol en Crimea y aventur\u00f3 que Washington y Kiev &#8220;arder\u00e1n &hellip;<\/p>\n","protected":false},"author":24,"featured_media":332411,"comment_status":"closed","ping_status":"closed","sticky":false,"template":"","format":"standard","meta":{"footnotes":""},"categories":[597,456,20724,7541],"tags":[],"class_list":["post-332410","post","type-post","status-publish","format-standard","has-post-thumbnail","","category-cinta-de-noticias","category-arabe-internacional-politica","category-minuto-a-minuto","category-ultimas-noticias"],"_links":{"self":[{"href":"https:\/\/archive.sana.sy\/es\/index.php?rest_route=\/wp\/v2\/posts\/332410"}],"collection":[{"href":"https:\/\/archive.sana.sy\/es\/index.php?rest_route=\/wp\/v2\/posts"}],"about":[{"href":"https:\/\/archive.sana.sy\/es\/index.php?rest_route=\/wp\/v2\/types\/post"}],"author":[{"embeddable":true,"href":"https:\/\/archive.sana.sy\/es\/index.php?rest_route=\/wp\/v2\/users\/24"}],"replies":[{"embeddable":true,"href":"https:\/\/archive.sana.sy\/es\/index.php?rest_route=%2Fwp%2Fv2%2Fcomments&post=332410"}],"version-history":[{"count":1,"href":"https:\/\/archive.sana.sy\/es\/index.php?rest_route=\/wp\/v2\/posts\/332410\/revisions"}],"predecessor-version":[{"id":332412,"href":"https:\/\/archive.sana.sy\/es\/index.php?rest_route=\/wp\/v2\/posts\/332410\/revisions\/332412"}],"wp:featuredmedia":[{"embeddable":true,"href":"https:\/\/archive.sana.sy\/es\/index.php?rest_route=\/wp\/v2\/media\/332411"}],"wp:attachment":[{"href":"https:\/\/archive.sana.sy\/es\/index.php?rest_route=%2Fwp%2Fv2%2Fmedia&parent=332410"}],"wp:term":[{"taxonomy":"category","embeddable":true,"href":"https:\/\/archive.sana.sy\/es\/index.php?rest_route=%2Fwp%2Fv2%2Fcategories&post=332410"},{"taxonomy":"post_tag","embeddable":true,"href":"https:\/\/archive.sana.sy\/es\/index.php?rest_route=%2Fwp%2Fv2%2Ftags&post=332410"}],"curies":[{"name":"wp","href":"https:\/\/api.w.org\/{rel}","templated":true}]}}