{"id":332430,"date":"2024-06-25T12:30:05","date_gmt":"2024-06-25T09:30:05","guid":{"rendered":"https:\/\/sana.sy\/es\/?p=332430"},"modified":"2024-06-25T19:25:56","modified_gmt":"2024-06-25T16:25:56","slug":"siria-condena-ataques-terroristas-en-crimea-y-daguestan","status":"publish","type":"post","link":"https:\/\/archive.sana.sy\/es\/?p=332430","title":{"rendered":"Siria condena ataques terroristas en Crimea y Daguest\u00e1n"},"content":{"rendered":"<p style=\"text-align: justify;\"><span style=\"color: #800000;\"><strong>Damasco, 25 jun (SANA)\u00a0<\/strong><\/span>\u00a0 \u00a0El gobierno sirio conden\u00f3 hoy los ataques de las fuerzas de Kiev contra la Rep\u00fablica rusa de Cr\u00edmea y los atentados terroristas en la Rep\u00fablica del Daguest\u00e1n.<\/p>\n<p style=\"text-align: justify;\">La Rep\u00fablica \u00c1rabe Siria condena en los t\u00e9rminos m\u00e1s en\u00e9rgicos los ataques terroristas que tuvieron lugar en Daguest\u00e1n, y que causaron numerosas v\u00edctimas, afirm\u00f3 una declaraci\u00f3n del Ministerio de Asuntos Exteriores y Expatriados de Siria.<\/p>\n<p style=\"text-align: justify;\">El comunicado reafirm\u00f3 el rechazo a todas las formas de violencia y terrorismo que pretenden desestabilizar a Rusia y sembrar las discordia entre su pueblo.<\/p>\n<p style=\"text-align: justify;\">Expresamos nuestro apoyo al pueblo ruso amigo y tiene plena confianza en la capacidad de la Federaci\u00f3n de Rusia de afrontar y superar estos desaf\u00edos, indic\u00f3 el texto.<\/p>\n<p style=\"text-align: justify;\">Por otro lado, el Ministerio consider\u00f3 que el ataque con misiles, fabricados en EEUU, de las fuerzas de Kiev contra ciudadanos rusos en la Rep\u00fablica Rusa de Crimea, es un acto terrorista que comprueba el nivel de hostilidad del Occidente colectivo hacia la Federaci\u00f3n Rusa y su indiferencia hacia las vidas de civiles inocentes.<\/p>\n<p style=\"text-align: justify;\">fm\/ed<\/p>\n","protected":false},"excerpt":{"rendered":"<p>Damasco, 25 jun (SANA)\u00a0\u00a0 \u00a0El gobierno sirio conden\u00f3 hoy los ataques de las fuerzas de Kiev contra la Rep\u00fablica rusa de Cr\u00edmea y los atentados terroristas en la Rep\u00fablica del Daguest\u00e1n. La Rep\u00fablica \u00c1rabe Siria condena en los t\u00e9rminos m\u00e1s en\u00e9rgicos los ataques terroristas que tuvieron lugar en Daguest\u00e1n, y que causaron numerosas v\u00edctimas, afirm\u00f3 &hellip;<\/p>\n","protected":false},"author":32,"featured_media":332468,"comment_status":"closed","ping_status":"closed","sticky":false,"template":"","format":"standard","meta":{"footnotes":""},"categories":[477,447,597,20724,476,583],"tags":[],"class_list":["post-332430","post","type-post","status-publish","format-standard","has-post-thumbnail","","category-noticias-edulcorantes","category-local-politica","category-cinta-de-noticias","category-minuto-a-minuto","category-locales","category-slide"],"_links":{"self":[{"href":"https:\/\/archive.sana.sy\/es\/index.php?rest_route=\/wp\/v2\/posts\/332430"}],"collection":[{"href":"https:\/\/archive.sana.sy\/es\/index.php?rest_route=\/wp\/v2\/posts"}],"about":[{"href":"https:\/\/archive.sana.sy\/es\/index.php?rest_route=\/wp\/v2\/types\/post"}],"author":[{"embeddable":true,"href":"https:\/\/archive.sana.sy\/es\/index.php?rest_route=\/wp\/v2\/users\/32"}],"replies":[{"embeddable":true,"href":"https:\/\/archive.sana.sy\/es\/index.php?rest_route=%2Fwp%2Fv2%2Fcomments&post=332430"}],"version-history":[{"count":1,"href":"https:\/\/archive.sana.sy\/es\/index.php?rest_route=\/wp\/v2\/posts\/332430\/revisions"}],"predecessor-version":[{"id":332432,"href":"https:\/\/archive.sana.sy\/es\/index.php?rest_route=\/wp\/v2\/posts\/332430\/revisions\/332432"}],"wp:featuredmedia":[{"embeddable":true,"href":"https:\/\/archive.sana.sy\/es\/index.php?rest_route=\/wp\/v2\/media\/332468"}],"wp:attachment":[{"href":"https:\/\/archive.sana.sy\/es\/index.php?rest_route=%2Fwp%2Fv2%2Fmedia&parent=332430"}],"wp:term":[{"taxonomy":"category","embeddable":true,"href":"https:\/\/archive.sana.sy\/es\/index.php?rest_route=%2Fwp%2Fv2%2Fcategories&post=332430"},{"taxonomy":"post_tag","embeddable":true,"href":"https:\/\/archive.sana.sy\/es\/index.php?rest_route=%2Fwp%2Fv2%2Ftags&post=332430"}],"curies":[{"name":"wp","href":"https:\/\/api.w.org\/{rel}","templated":true}]}}