{"id":332436,"date":"2024-06-25T14:00:44","date_gmt":"2024-06-25T11:00:44","guid":{"rendered":"https:\/\/sana.sy\/es\/?p=332436"},"modified":"2024-06-25T17:53:07","modified_gmt":"2024-06-25T14:53:07","slug":"sonda-china-trajo-a-la-tierra-muestras-de-cara-oculta-de-la-luna-fotos","status":"publish","type":"post","link":"https:\/\/archive.sana.sy\/es\/?p=332436","title":{"rendered":"Sonda china trajo a la Tierra muestras de cara oculta de la Luna (+fotos)"},"content":{"rendered":"<p style=\"text-align: justify;\"><span style=\"color: #800000;\"><strong>Beijing, 25 jun (SANA)<\/strong><\/span> La sonda Chang&#8217;e-6 aterriz\u00f3 exitosamente en China con muestras de la cara oculta de la Luna, por primera ocasi\u00f3n en la historia de la humanidad.<\/p>\n<p style=\"text-align: justify;\">El presidente chino, Xi Jinping, celebr\u00f3 el \u00e9xito de la misi\u00f3n y felicit\u00f3 a los integrantes del programa.<\/p>\n<p style=\"text-align: justify;\">El regreso de la sonda marca otro logro hist\u00f3rico en el esfuerzo de China por convertirse en una potencia espacial y de ciencia y tecnolog\u00eda, afirm\u00f3 el mandatario.<\/p>\n<p style=\"text-align: justify;\">Chang\u2019e-6 contaba con un m\u00f3dulo orbitador, un m\u00f3dulo de retorno, un m\u00f3dulo de alunizaje y un m\u00f3dulo de ascenso.<\/p>\n<p style=\"text-align: justify;\">Desde su lanzamiento el 3 de mayo de este a\u00f1o pas\u00f3 por varias etapas, como la transferencia Tierra-Luna, el frenado cerca de la Luna, la orbitaci\u00f3n lunar y el descenso para el alunizaje, el cual fue en un cr\u00e1ter ubicado dentro de la cuenca Aitken del Polo Sur.<\/p>\n<p style=\"text-align: justify;\">Fuentes oficiales aseguraron que hasta la fecha ocurrieron 10 retornos de misiones con muestras lunares, pero todas ellas pertenecen a la parte conocida del sat\u00e9lite natural de la Tierra.<\/p>\n<p style=\"text-align: justify;\">fm\/ed<\/p>\n<div id='gallery-1' class='gallery galleryid-332436 gallery-columns-1 gallery-size-full'><figure class='gallery-item'>\n\t\t\t<div class='gallery-icon landscape'>\n\t\t\t\t<a href='https:\/\/archive.sana.sy\/es\/wp-content\/uploads\/2024\/06\/photo_2024-06-25_13-49-33.jpg'><img loading=\"lazy\" decoding=\"async\" width=\"1280\" height=\"853\" src=\"https:\/\/archive.sana.sy\/es\/wp-content\/uploads\/2024\/06\/photo_2024-06-25_13-49-33.jpg\" class=\"attachment-full size-full\" alt=\"\" srcset=\"https:\/\/archive.sana.sy\/es\/wp-content\/uploads\/2024\/06\/photo_2024-06-25_13-49-33.jpg 1280w, https:\/\/archive.sana.sy\/es\/wp-content\/uploads\/2024\/06\/photo_2024-06-25_13-49-33-300x200.jpg 300w, https:\/\/archive.sana.sy\/es\/wp-content\/uploads\/2024\/06\/photo_2024-06-25_13-49-33-1024x682.jpg 1024w, https:\/\/archive.sana.sy\/es\/wp-content\/uploads\/2024\/06\/photo_2024-06-25_13-49-33-150x100.jpg 150w, https:\/\/archive.sana.sy\/es\/wp-content\/uploads\/2024\/06\/photo_2024-06-25_13-49-33-768x512.jpg 768w\" sizes=\"(max-width: 1280px) 100vw, 1280px\" \/><\/a>\n\t\t\t<\/div><\/figure><figure class='gallery-item'>\n\t\t\t<div class='gallery-icon landscape'>\n\t\t\t\t<a href='https:\/\/archive.sana.sy\/es\/wp-content\/uploads\/2024\/06\/Sonda-china-trajo-a-la-Tierra-muestras-de-cara-oculta-de-la-Luna.-fotos-1.jpg'><img loading=\"lazy\" decoding=\"async\" width=\"1280\" height=\"853\" src=\"https:\/\/archive.sana.sy\/es\/wp-content\/uploads\/2024\/06\/Sonda-china-trajo-a-la-Tierra-muestras-de-cara-oculta-de-la-Luna.-fotos-1.jpg\" class=\"attachment-full size-full\" alt=\"\" srcset=\"https:\/\/archive.sana.sy\/es\/wp-content\/uploads\/2024\/06\/Sonda-china-trajo-a-la-Tierra-muestras-de-cara-oculta-de-la-Luna.-fotos-1.jpg 1280w, https:\/\/archive.sana.sy\/es\/wp-content\/uploads\/2024\/06\/Sonda-china-trajo-a-la-Tierra-muestras-de-cara-oculta-de-la-Luna.-fotos-1-300x200.jpg 300w, https:\/\/archive.sana.sy\/es\/wp-content\/uploads\/2024\/06\/Sonda-china-trajo-a-la-Tierra-muestras-de-cara-oculta-de-la-Luna.-fotos-1-1024x682.jpg 1024w, https:\/\/archive.sana.sy\/es\/wp-content\/uploads\/2024\/06\/Sonda-china-trajo-a-la-Tierra-muestras-de-cara-oculta-de-la-Luna.-fotos-1-150x100.jpg 150w, https:\/\/archive.sana.sy\/es\/wp-content\/uploads\/2024\/06\/Sonda-china-trajo-a-la-Tierra-muestras-de-cara-oculta-de-la-Luna.-fotos-1-768x512.jpg 768w\" sizes=\"(max-width: 1280px) 100vw, 1280px\" \/><\/a>\n\t\t\t<\/div><\/figure><figure class='gallery-item'>\n\t\t\t<div class='gallery-icon landscape'>\n\t\t\t\t<a href='https:\/\/archive.sana.sy\/es\/wp-content\/uploads\/2024\/06\/photo_2024-06-25_13-49-33-2-copia.jpg'><img loading=\"lazy\" decoding=\"async\" width=\"1280\" height=\"1080\" src=\"https:\/\/archive.sana.sy\/es\/wp-content\/uploads\/2024\/06\/photo_2024-06-25_13-49-33-2-copia.jpg\" class=\"attachment-full size-full\" alt=\"\" srcset=\"https:\/\/archive.sana.sy\/es\/wp-content\/uploads\/2024\/06\/photo_2024-06-25_13-49-33-2-copia.jpg 1280w, https:\/\/archive.sana.sy\/es\/wp-content\/uploads\/2024\/06\/photo_2024-06-25_13-49-33-2-copia-300x253.jpg 300w, https:\/\/archive.sana.sy\/es\/wp-content\/uploads\/2024\/06\/photo_2024-06-25_13-49-33-2-copia-1024x864.jpg 1024w, https:\/\/archive.sana.sy\/es\/wp-content\/uploads\/2024\/06\/photo_2024-06-25_13-49-33-2-copia-150x127.jpg 150w, https:\/\/archive.sana.sy\/es\/wp-content\/uploads\/2024\/06\/photo_2024-06-25_13-49-33-2-copia-768x648.jpg 768w\" sizes=\"(max-width: 1280px) 100vw, 1280px\" \/><\/a>\n\t\t\t<\/div><\/figure><figure class='gallery-item'>\n\t\t\t<div class='gallery-icon landscape'>\n\t\t\t\t<a href='https:\/\/archive.sana.sy\/es\/wp-content\/uploads\/2024\/06\/photo_2024-06-25_13-49-33-3-copia.jpg'><img loading=\"lazy\" decoding=\"async\" width=\"1280\" height=\"720\" src=\"https:\/\/archive.sana.sy\/es\/wp-content\/uploads\/2024\/06\/photo_2024-06-25_13-49-33-3-copia.jpg\" class=\"attachment-full size-full\" alt=\"\" srcset=\"https:\/\/archive.sana.sy\/es\/wp-content\/uploads\/2024\/06\/photo_2024-06-25_13-49-33-3-copia.jpg 1280w, https:\/\/archive.sana.sy\/es\/wp-content\/uploads\/2024\/06\/photo_2024-06-25_13-49-33-3-copia-300x169.jpg 300w, https:\/\/archive.sana.sy\/es\/wp-content\/uploads\/2024\/06\/photo_2024-06-25_13-49-33-3-copia-1024x576.jpg 1024w, https:\/\/archive.sana.sy\/es\/wp-content\/uploads\/2024\/06\/photo_2024-06-25_13-49-33-3-copia-150x84.jpg 150w, https:\/\/archive.sana.sy\/es\/wp-content\/uploads\/2024\/06\/photo_2024-06-25_13-49-33-3-copia-768x432.jpg 768w\" sizes=\"(max-width: 1280px) 100vw, 1280px\" \/><\/a>\n\t\t\t<\/div><\/figure>\n\t\t<\/div>\n\n","protected":false},"excerpt":{"rendered":"<p>Beijing, 25 jun (SANA) La sonda Chang&#8217;e-6 aterriz\u00f3 exitosamente en China con muestras de la cara oculta de la Luna, por primera ocasi\u00f3n en la historia de la humanidad. El presidente chino, Xi Jinping, celebr\u00f3 el \u00e9xito de la misi\u00f3n y felicit\u00f3 a los integrantes del programa. El regreso de la sonda marca otro logro &hellip;<\/p>\n","protected":false},"author":32,"featured_media":332437,"comment_status":"closed","ping_status":"closed","sticky":false,"template":"","format":"standard","meta":{"footnotes":""},"categories":[597,456,20724,7541],"tags":[],"class_list":["post-332436","post","type-post","status-publish","format-standard","has-post-thumbnail","","category-cinta-de-noticias","category-arabe-internacional-politica","category-minuto-a-minuto","category-ultimas-noticias"],"_links":{"self":[{"href":"https:\/\/archive.sana.sy\/es\/index.php?rest_route=\/wp\/v2\/posts\/332436"}],"collection":[{"href":"https:\/\/archive.sana.sy\/es\/index.php?rest_route=\/wp\/v2\/posts"}],"about":[{"href":"https:\/\/archive.sana.sy\/es\/index.php?rest_route=\/wp\/v2\/types\/post"}],"author":[{"embeddable":true,"href":"https:\/\/archive.sana.sy\/es\/index.php?rest_route=\/wp\/v2\/users\/32"}],"replies":[{"embeddable":true,"href":"https:\/\/archive.sana.sy\/es\/index.php?rest_route=%2Fwp%2Fv2%2Fcomments&post=332436"}],"version-history":[{"count":4,"href":"https:\/\/archive.sana.sy\/es\/index.php?rest_route=\/wp\/v2\/posts\/332436\/revisions"}],"predecessor-version":[{"id":332460,"href":"https:\/\/archive.sana.sy\/es\/index.php?rest_route=\/wp\/v2\/posts\/332436\/revisions\/332460"}],"wp:featuredmedia":[{"embeddable":true,"href":"https:\/\/archive.sana.sy\/es\/index.php?rest_route=\/wp\/v2\/media\/332437"}],"wp:attachment":[{"href":"https:\/\/archive.sana.sy\/es\/index.php?rest_route=%2Fwp%2Fv2%2Fmedia&parent=332436"}],"wp:term":[{"taxonomy":"category","embeddable":true,"href":"https:\/\/archive.sana.sy\/es\/index.php?rest_route=%2Fwp%2Fv2%2Fcategories&post=332436"},{"taxonomy":"post_tag","embeddable":true,"href":"https:\/\/archive.sana.sy\/es\/index.php?rest_route=%2Fwp%2Fv2%2Ftags&post=332436"}],"curies":[{"name":"wp","href":"https:\/\/api.w.org\/{rel}","templated":true}]}}