{"id":332483,"date":"2024-06-26T06:21:47","date_gmt":"2024-06-26T03:21:47","guid":{"rendered":"https:\/\/sana.sy\/es\/?p=332483"},"modified":"2024-06-26T06:21:47","modified_gmt":"2024-06-26T03:21:47","slug":"mas-de-280-marcas-sirias-y-extranjeras-participan-en-la-feria-food-expo-2024","status":"publish","type":"post","link":"https:\/\/archive.sana.sy\/es\/?p=332483","title":{"rendered":"M\u00e1s de 280 marcas sirias y extranjeras participan en la Feria \u201cFood Expo 2024\u201d"},"content":{"rendered":"<p style=\"text-align: justify;\"><span style=\"color: #800000;\"><strong>Damasco, 26 jun (SANA)\u00a0\u00a0<\/strong> <\/span>Con la participaci\u00f3n de m\u00e1s de 280 empresas nacionales y extranjeras, se inaugur\u00f3 la decimonovena edici\u00f3n de la feria de industrias alimentarias &#8220;Food Expo 2024&#8221;, en el recinto ferial de Damasco.<\/p>\n<p style=\"text-align: justify;\">El ministro de Industria, \u00a0Abdel Qader Joukhadar, declar\u00f3 a SANA que la exposici\u00f3n es un evento econ\u00f3mico importante para las industrias alimentarias y una oportunidad para que los participantes promuevan sus productos y se actualicen con las \u00faltimas tecnolog\u00edas en la fabricaci\u00f3n de alimentos.<\/p>\n<p style=\"text-align: justify;\"><img loading=\"lazy\" decoding=\"async\" class=\"wp-image-332485 alignleft\" src=\"http:\/\/sana.sy\/es\/wp-content\/uploads\/2024\/06\/DSC_5920-scaled-1.jpg\" alt=\"\" width=\"383\" height=\"252\" srcset=\"https:\/\/archive.sana.sy\/es\/wp-content\/uploads\/2024\/06\/DSC_5920-scaled-1.jpg 2560w, https:\/\/archive.sana.sy\/es\/wp-content\/uploads\/2024\/06\/DSC_5920-scaled-1-300x197.jpg 300w, https:\/\/archive.sana.sy\/es\/wp-content\/uploads\/2024\/06\/DSC_5920-scaled-1-1024x673.jpg 1024w, https:\/\/archive.sana.sy\/es\/wp-content\/uploads\/2024\/06\/DSC_5920-scaled-1-150x99.jpg 150w, https:\/\/archive.sana.sy\/es\/wp-content\/uploads\/2024\/06\/DSC_5920-scaled-1-768x505.jpg 768w, https:\/\/archive.sana.sy\/es\/wp-content\/uploads\/2024\/06\/DSC_5920-scaled-1-1536x1009.jpg 1536w, https:\/\/archive.sana.sy\/es\/wp-content\/uploads\/2024\/06\/DSC_5920-scaled-1-2048x1346.jpg 2048w, https:\/\/archive.sana.sy\/es\/wp-content\/uploads\/2024\/06\/DSC_5920-scaled-1-310x205.jpg 310w\" sizes=\"(max-width: 383px) 100vw, 383px\" \/>Por su parte, el ministro de Agricultura, Hassan Qattana, destac\u00f3 el aumento del n\u00famero de industriales que participan en esta nueva edici\u00f3n y se refiri\u00f3 al aumento de la producci\u00f3n agr\u00edcola en el pa\u00eds.<\/p>\n<p style=\"text-align: justify;\">El gobernador de Damasco, Mohamed Tariq Krishati, explic\u00f3 que la feria es una importante plataforma promocional y de marketing para productos industriales agr\u00edcolas a los mercados extranjeros y es una oportunidad importante para informar a las personas sobre los \u00faltimos desarrollos de la industria siria a pesar del injusto bloqueo.<\/p>\n<p style=\"text-align: justify;\">En una declaraci\u00f3n a SANA, el jefe de la Federaci\u00f3n Siria de C\u00e1maras de Comercio, Abu Al -Huda Al-Lahham, consider\u00f3 que la exposici\u00f3n es importante para mostrar las grandes capacidades del sector de fabricaci\u00f3n de alimentos, envasado y comercializaci\u00f3n.<\/p>\n<p style=\"text-align: justify;\">fm<\/p>\n","protected":false},"excerpt":{"rendered":"<p>Damasco, 26 jun (SANA)\u00a0\u00a0 Con la participaci\u00f3n de m\u00e1s de 280 empresas nacionales y extranjeras, se inaugur\u00f3 la decimonovena edici\u00f3n de la feria de industrias alimentarias &#8220;Food Expo 2024&#8221;, en el recinto ferial de Damasco. El ministro de Industria, \u00a0Abdel Qader Joukhadar, declar\u00f3 a SANA que la exposici\u00f3n es un evento econ\u00f3mico importante para las &hellip;<\/p>\n","protected":false},"author":34,"featured_media":332484,"comment_status":"closed","ping_status":"closed","sticky":false,"template":"","format":"standard","meta":{"footnotes":""},"categories":[447,477,597,16686,20724,476,7541],"tags":[],"class_list":["post-332483","post","type-post","status-publish","format-standard","has-post-thumbnail","","category-local-politica","category-noticias-edulcorantes","category-cinta-de-noticias","category-economia","category-minuto-a-minuto","category-locales","category-ultimas-noticias"],"_links":{"self":[{"href":"https:\/\/archive.sana.sy\/es\/index.php?rest_route=\/wp\/v2\/posts\/332483"}],"collection":[{"href":"https:\/\/archive.sana.sy\/es\/index.php?rest_route=\/wp\/v2\/posts"}],"about":[{"href":"https:\/\/archive.sana.sy\/es\/index.php?rest_route=\/wp\/v2\/types\/post"}],"author":[{"embeddable":true,"href":"https:\/\/archive.sana.sy\/es\/index.php?rest_route=\/wp\/v2\/users\/34"}],"replies":[{"embeddable":true,"href":"https:\/\/archive.sana.sy\/es\/index.php?rest_route=%2Fwp%2Fv2%2Fcomments&post=332483"}],"version-history":[{"count":1,"href":"https:\/\/archive.sana.sy\/es\/index.php?rest_route=\/wp\/v2\/posts\/332483\/revisions"}],"predecessor-version":[{"id":332486,"href":"https:\/\/archive.sana.sy\/es\/index.php?rest_route=\/wp\/v2\/posts\/332483\/revisions\/332486"}],"wp:featuredmedia":[{"embeddable":true,"href":"https:\/\/archive.sana.sy\/es\/index.php?rest_route=\/wp\/v2\/media\/332484"}],"wp:attachment":[{"href":"https:\/\/archive.sana.sy\/es\/index.php?rest_route=%2Fwp%2Fv2%2Fmedia&parent=332483"}],"wp:term":[{"taxonomy":"category","embeddable":true,"href":"https:\/\/archive.sana.sy\/es\/index.php?rest_route=%2Fwp%2Fv2%2Fcategories&post=332483"},{"taxonomy":"post_tag","embeddable":true,"href":"https:\/\/archive.sana.sy\/es\/index.php?rest_route=%2Fwp%2Fv2%2Ftags&post=332483"}],"curies":[{"name":"wp","href":"https:\/\/api.w.org\/{rel}","templated":true}]}}