{"id":332490,"date":"2024-06-26T12:12:35","date_gmt":"2024-06-26T09:12:35","guid":{"rendered":"https:\/\/sana.sy\/es\/?p=332490"},"modified":"2024-06-26T12:12:35","modified_gmt":"2024-06-26T09:12:35","slug":"nebenzia-rusia-apoya-la-exigencia-de-siria-de-retirar-las-fuerzas-extranjeras-ilegales-de-su-territorio","status":"publish","type":"post","link":"https:\/\/archive.sana.sy\/es\/?p=332490","title":{"rendered":"Nebenzia: Rusia apoya la exigencia de Siria de retirar las fuerzas extranjeras ilegales de su territorio"},"content":{"rendered":"<p style=\"text-align: justify;\"><span style=\"color: #800000;\"><strong>Nueva York, 26 jun (SANA)<\/strong> <\/span>El representante permanente de Rusia ante las Naciones Unidas, Vasily Nebenzia, afirm\u00f3 hoy que su pa\u00eds apoya la exigencia de Siria de retirar todas las fuerzas extranjeras presentes ilegalmente en el pa\u00eds.<\/p>\n<p style=\"text-align: justify;\">En una reuni\u00f3n del Consejo de Seguridad de la ONU dedicada a debatir la situaci\u00f3n humanitaria y pol\u00edtica en Siria, Nebenzia se\u00f1al\u00f3 que \u201cla situaci\u00f3n en Siria a\u00fan no es del todo estable, como resultado de los ataques de Israel contra instalaciones de infraestructura sirias y tambi\u00e9n debido a la presencia ilegal de fuerzas estadounidenses\u201d.<\/p>\n<p style=\"text-align: justify;\">\u201cLa situaci\u00f3n en la regi\u00f3n sigue siendo muy vol\u00e1til en medio de la continuaci\u00f3n de las operaciones militares en los territorios palestinos ocupados y los grandes riesgos de implicaci\u00f3n de los pa\u00edses vecinos, y mientras tanto, hay motivos de preocupaci\u00f3n por la situaci\u00f3n humanitaria en Siria\u201d, precis\u00f3 el diplom\u00e1tico, y se\u00f1al\u00f3 la presencia continua de focos de terrorismo en Idlib y las regiones del noreste de Siria.<\/p>\n<p style=\"text-align: justify;\">Nebenzia explic\u00f3 que Rusia est\u00e1 convencido de que una estabilidad sostenible en Siria s\u00f3lo podr\u00e1 lograrse poniendo fin a la presencia militar extranjera ilegal, que viola la soberan\u00eda y la integridad territorial del pa\u00eds, as\u00ed como poniendo fin a los ataques israel\u00edes.<\/p>\n<p style=\"text-align: justify;\">fm\/as<\/p>\n","protected":false},"excerpt":{"rendered":"<p>Nueva York, 26 jun (SANA) El representante permanente de Rusia ante las Naciones Unidas, Vasily Nebenzia, afirm\u00f3 hoy que su pa\u00eds apoya la exigencia de Siria de retirar todas las fuerzas extranjeras presentes ilegalmente en el pa\u00eds. En una reuni\u00f3n del Consejo de Seguridad de la ONU dedicada a debatir la situaci\u00f3n humanitaria y pol\u00edtica &hellip;<\/p>\n","protected":false},"author":42,"featured_media":332491,"comment_status":"closed","ping_status":"closed","sticky":false,"template":"","format":"standard","meta":{"footnotes":""},"categories":[597,20724,467,7541],"tags":[],"class_list":["post-332490","post","type-post","status-publish","format-standard","has-post-thumbnail","","category-cinta-de-noticias","category-minuto-a-minuto","category-siria-y-el-mundo","category-ultimas-noticias"],"_links":{"self":[{"href":"https:\/\/archive.sana.sy\/es\/index.php?rest_route=\/wp\/v2\/posts\/332490"}],"collection":[{"href":"https:\/\/archive.sana.sy\/es\/index.php?rest_route=\/wp\/v2\/posts"}],"about":[{"href":"https:\/\/archive.sana.sy\/es\/index.php?rest_route=\/wp\/v2\/types\/post"}],"author":[{"embeddable":true,"href":"https:\/\/archive.sana.sy\/es\/index.php?rest_route=\/wp\/v2\/users\/42"}],"replies":[{"embeddable":true,"href":"https:\/\/archive.sana.sy\/es\/index.php?rest_route=%2Fwp%2Fv2%2Fcomments&post=332490"}],"version-history":[{"count":1,"href":"https:\/\/archive.sana.sy\/es\/index.php?rest_route=\/wp\/v2\/posts\/332490\/revisions"}],"predecessor-version":[{"id":332492,"href":"https:\/\/archive.sana.sy\/es\/index.php?rest_route=\/wp\/v2\/posts\/332490\/revisions\/332492"}],"wp:featuredmedia":[{"embeddable":true,"href":"https:\/\/archive.sana.sy\/es\/index.php?rest_route=\/wp\/v2\/media\/332491"}],"wp:attachment":[{"href":"https:\/\/archive.sana.sy\/es\/index.php?rest_route=%2Fwp%2Fv2%2Fmedia&parent=332490"}],"wp:term":[{"taxonomy":"category","embeddable":true,"href":"https:\/\/archive.sana.sy\/es\/index.php?rest_route=%2Fwp%2Fv2%2Fcategories&post=332490"},{"taxonomy":"post_tag","embeddable":true,"href":"https:\/\/archive.sana.sy\/es\/index.php?rest_route=%2Fwp%2Fv2%2Ftags&post=332490"}],"curies":[{"name":"wp","href":"https:\/\/api.w.org\/{rel}","templated":true}]}}