{"id":332500,"date":"2024-06-26T13:09:39","date_gmt":"2024-06-26T10:09:39","guid":{"rendered":"https:\/\/sana.sy\/es\/?p=332500"},"modified":"2024-06-26T13:09:39","modified_gmt":"2024-06-26T10:09:39","slug":"la-hegemonia-de-washington-esta-condenada-al-fracaso-afirma-lavrov","status":"publish","type":"post","link":"https:\/\/archive.sana.sy\/es\/?p=332500","title":{"rendered":"La hegemon\u00eda de Washington est\u00e1 condenada al fracaso, afirma Lavrov"},"content":{"rendered":"<p style=\"text-align: justify;\"><span style=\"color: #800000;\"><strong>Mosc\u00fa, 26 jun (SANA)<\/strong> <\/span>El canciller ruso Sergu\u00e9i Lavrov, consider\u00f3 hoy que el rumbo de Washington para mantener la hegemon\u00eda en el mundo est\u00e1 condenado al fracaso.<\/p>\n<p style=\"text-align: justify;\">\u00abLa \u00e9lite gobernante estadounidense a\u00fan cree ciegamente en el ilusorio excepcionalismo estadounidense, su hegemon\u00eda fracasar\u00e1 no hay duda, aunque sean uno de los centros mundiales\u00bb, expres\u00f3 Lavrov durante su discurso en el d\u00e9cimo Foro Internacional Lecturas Primakov que comenz\u00f3 el martes en el Centro de Negocios de Mosc\u00fa con la participaci\u00f3n de unos mil representantes de las esferas pol\u00edticas, comunidad cient\u00edfica, empresarios y expertos de unos 30 pa\u00edses.<\/p>\n<p style=\"text-align: justify;\">El ministro de Asuntos Exteriores dej\u00f3 claro que a Rusia s\u00f3lo le interesa una cosa: \u00abdesaparecer las amenazas a su seguridad provenientes de Occidente\u00bb.<\/p>\n<p style=\"text-align: justify;\">A su vez, el vicepresidente del comit\u00e9 organizador del Foro, Alexander Dynkin, dijo que \u00abOccidente calcul\u00f3 mal su capacidad de aislar la econom\u00eda rusia y que las sanciones s\u00f3lo fortalecen los lazos de Rusia con los pa\u00edses del Sur Global, Brics\u00bb.<\/p>\n<p style=\"text-align: justify;\">fm<\/p>\n","protected":false},"excerpt":{"rendered":"<p>Mosc\u00fa, 26 jun (SANA) El canciller ruso Sergu\u00e9i Lavrov, consider\u00f3 hoy que el rumbo de Washington para mantener la hegemon\u00eda en el mundo est\u00e1 condenado al fracaso. \u00abLa \u00e9lite gobernante estadounidense a\u00fan cree ciegamente en el ilusorio excepcionalismo estadounidense, su hegemon\u00eda fracasar\u00e1 no hay duda, aunque sean uno de los centros mundiales\u00bb, expres\u00f3 Lavrov durante &hellip;<\/p>\n","protected":false},"author":34,"featured_media":332501,"comment_status":"closed","ping_status":"closed","sticky":false,"template":"","format":"standard","meta":{"footnotes":""},"categories":[597,456,20724,7541],"tags":[],"class_list":["post-332500","post","type-post","status-publish","format-standard","has-post-thumbnail","","category-cinta-de-noticias","category-arabe-internacional-politica","category-minuto-a-minuto","category-ultimas-noticias"],"_links":{"self":[{"href":"https:\/\/archive.sana.sy\/es\/index.php?rest_route=\/wp\/v2\/posts\/332500"}],"collection":[{"href":"https:\/\/archive.sana.sy\/es\/index.php?rest_route=\/wp\/v2\/posts"}],"about":[{"href":"https:\/\/archive.sana.sy\/es\/index.php?rest_route=\/wp\/v2\/types\/post"}],"author":[{"embeddable":true,"href":"https:\/\/archive.sana.sy\/es\/index.php?rest_route=\/wp\/v2\/users\/34"}],"replies":[{"embeddable":true,"href":"https:\/\/archive.sana.sy\/es\/index.php?rest_route=%2Fwp%2Fv2%2Fcomments&post=332500"}],"version-history":[{"count":1,"href":"https:\/\/archive.sana.sy\/es\/index.php?rest_route=\/wp\/v2\/posts\/332500\/revisions"}],"predecessor-version":[{"id":332502,"href":"https:\/\/archive.sana.sy\/es\/index.php?rest_route=\/wp\/v2\/posts\/332500\/revisions\/332502"}],"wp:featuredmedia":[{"embeddable":true,"href":"https:\/\/archive.sana.sy\/es\/index.php?rest_route=\/wp\/v2\/media\/332501"}],"wp:attachment":[{"href":"https:\/\/archive.sana.sy\/es\/index.php?rest_route=%2Fwp%2Fv2%2Fmedia&parent=332500"}],"wp:term":[{"taxonomy":"category","embeddable":true,"href":"https:\/\/archive.sana.sy\/es\/index.php?rest_route=%2Fwp%2Fv2%2Fcategories&post=332500"},{"taxonomy":"post_tag","embeddable":true,"href":"https:\/\/archive.sana.sy\/es\/index.php?rest_route=%2Fwp%2Fv2%2Ftags&post=332500"}],"curies":[{"name":"wp","href":"https:\/\/api.w.org\/{rel}","templated":true}]}}