{"id":332506,"date":"2024-06-26T13:41:34","date_gmt":"2024-06-26T10:41:34","guid":{"rendered":"https:\/\/sana.sy\/es\/?p=332506"},"modified":"2024-06-26T13:41:34","modified_gmt":"2024-06-26T10:41:34","slug":"julian-assange-libre-tras-sellar-acuerdo-de-culpabilidad","status":"publish","type":"post","link":"https:\/\/archive.sana.sy\/es\/?p=332506","title":{"rendered":"Julian Assange libre tras sellar acuerdo de culpabilidad"},"content":{"rendered":"<p style=\"text-align: justify;\"><span style=\"color: #800000;\"><strong>Washington, 26 jun (SANA)<\/strong> <\/span>El fundador de WikiLeaks, Julian Assange, asegur\u00f3 su libertad tras sellar un acuerdo de culpabilidad con el Departamento de Justicia de Estados Unidos.<\/p>\n<p style=\"text-align: justify;\">Assange, quien estuvo preso durante los \u00faltimos cinco a\u00f1os en una c\u00e1rcel brit\u00e1nica de m\u00e1xima seguridad, se declar\u00f3 culpable de un delito grave por publicar en 2010-2011 secretos militares de la naci\u00f3n norteamericana, en particular las campa\u00f1as militares del Pent\u00e1gono en Iraq y Afganist\u00e1n.<\/p>\n<p style=\"text-align: justify;\">El periodista australiano, que ha luchado en todo este tiempo contra la extradici\u00f3n al norte\u00f1o pa\u00eds, se present\u00f3 en la audiencia prevista para hoy en esta capital de la isla mayor de las Marianas del Norte, una comunidad estadounidense en el Pac\u00edfico occidental.<\/p>\n<p style=\"text-align: justify;\">La ubicaci\u00f3n, aunque parece sacada de un gui\u00f3n cinematogr\u00e1fico, es el punto final del culebr\u00f3n legal al que fue sometido el Assange a causa de una persecuci\u00f3n por a\u00f1os por hacer valer a trav\u00e9s de WikiLeaks el derecho a la informaci\u00f3n.<\/p>\n<p style=\"text-align: justify;\">El Departamento de Justicia convino celebrar la audiencia en Islas Marianas del Norte ante la oposici\u00f3n de Assange de entrar a territorio continental de Estados Unidos y porque literalmente estar\u00e1 en el camino a casa (Australia).<\/p>\n<p style=\"text-align: justify;\">Antes del cautiverio en Londres, el fundador de WikiLeaks pas\u00f3 siete a\u00f1os asilado en la embajada de Ecuador en la capital brit\u00e1nica (2012-2019) para evitar la extradici\u00f3n a Suecia, donde le acusaban de violaci\u00f3n y agresi\u00f3n sexual, algo que siempre neg\u00f3.<\/p>\n<p style=\"text-align: justify;\">fm<\/p>\n<p style=\"text-align: justify;\">\n","protected":false},"excerpt":{"rendered":"<p>Washington, 26 jun (SANA) El fundador de WikiLeaks, Julian Assange, asegur\u00f3 su libertad tras sellar un acuerdo de culpabilidad con el Departamento de Justicia de Estados Unidos. Assange, quien estuvo preso durante los \u00faltimos cinco a\u00f1os en una c\u00e1rcel brit\u00e1nica de m\u00e1xima seguridad, se declar\u00f3 culpable de un delito grave por publicar en 2010-2011 secretos &hellip;<\/p>\n","protected":false},"author":34,"featured_media":332507,"comment_status":"closed","ping_status":"closed","sticky":false,"template":"","format":"standard","meta":{"footnotes":""},"categories":[597,456,20724,7541],"tags":[],"class_list":["post-332506","post","type-post","status-publish","format-standard","has-post-thumbnail","","category-cinta-de-noticias","category-arabe-internacional-politica","category-minuto-a-minuto","category-ultimas-noticias"],"_links":{"self":[{"href":"https:\/\/archive.sana.sy\/es\/index.php?rest_route=\/wp\/v2\/posts\/332506"}],"collection":[{"href":"https:\/\/archive.sana.sy\/es\/index.php?rest_route=\/wp\/v2\/posts"}],"about":[{"href":"https:\/\/archive.sana.sy\/es\/index.php?rest_route=\/wp\/v2\/types\/post"}],"author":[{"embeddable":true,"href":"https:\/\/archive.sana.sy\/es\/index.php?rest_route=\/wp\/v2\/users\/34"}],"replies":[{"embeddable":true,"href":"https:\/\/archive.sana.sy\/es\/index.php?rest_route=%2Fwp%2Fv2%2Fcomments&post=332506"}],"version-history":[{"count":1,"href":"https:\/\/archive.sana.sy\/es\/index.php?rest_route=\/wp\/v2\/posts\/332506\/revisions"}],"predecessor-version":[{"id":332508,"href":"https:\/\/archive.sana.sy\/es\/index.php?rest_route=\/wp\/v2\/posts\/332506\/revisions\/332508"}],"wp:featuredmedia":[{"embeddable":true,"href":"https:\/\/archive.sana.sy\/es\/index.php?rest_route=\/wp\/v2\/media\/332507"}],"wp:attachment":[{"href":"https:\/\/archive.sana.sy\/es\/index.php?rest_route=%2Fwp%2Fv2%2Fmedia&parent=332506"}],"wp:term":[{"taxonomy":"category","embeddable":true,"href":"https:\/\/archive.sana.sy\/es\/index.php?rest_route=%2Fwp%2Fv2%2Fcategories&post=332506"},{"taxonomy":"post_tag","embeddable":true,"href":"https:\/\/archive.sana.sy\/es\/index.php?rest_route=%2Fwp%2Fv2%2Ftags&post=332506"}],"curies":[{"name":"wp","href":"https:\/\/api.w.org\/{rel}","templated":true}]}}