{"id":332513,"date":"2024-06-26T16:48:49","date_gmt":"2024-06-26T13:48:49","guid":{"rendered":"https:\/\/sana.sy\/es\/?p=332513"},"modified":"2024-06-26T16:48:49","modified_gmt":"2024-06-26T13:48:49","slug":"ejercito-israeli-asesino-a-60-palestinos-en-menos-de-un-dia","status":"publish","type":"post","link":"https:\/\/archive.sana.sy\/es\/?p=332513","title":{"rendered":"Ej\u00e9rcito israel\u00ed asesin\u00f3 a 60 palestinos en menos de un d\u00eda"},"content":{"rendered":"<p style=\"text-align: justify;\"><span style=\"color: #800000;\"><strong>Jerusal\u00e9n ocupada, 26 jun (SANA)\u00a0\u00a0<\/strong><\/span> El Ministerio de Salud palestino anunci\u00f3 que el ej\u00e9rcito de ocupaci\u00f3n israel\u00ed cometi\u00f3 4 masacres en la Franja de Gaza durante las \u00faltimas 24 horas, dejando 60 muertos y 140 heridos.<\/p>\n<p style=\"text-align: justify;\">La cifra total de v\u00edctimas durante 264 d\u00edas de agresi\u00f3n israel\u00ed contra Gaza aument\u00f3 a 37 mil .718 muertos y 86 mil 377 heridos, inform\u00f3 un comunicado del ente de salud.<\/p>\n<p style=\"text-align: justify;\">Aclar\u00f3 que miles de v\u00edctimas todav\u00eda est\u00e1n bajo los escombros o tirados en las carreteras, y los equipos de ambulancias y de defensa civil no pueden llegar a ellos.<\/p>\n<p style=\"text-align: justify;\">Durante el d\u00eda de hoy, al menos 23 palestinos perdieron la vida y otros resultaron heridos en bombardeos contra viviendas en Beit Lahia, Rafah, el campo de Nuseirat y la ciudad de Gaza.<\/p>\n<p style=\"text-align: justify;\">fm<\/p>\n","protected":false},"excerpt":{"rendered":"<p>Jerusal\u00e9n ocupada, 26 jun (SANA)\u00a0\u00a0 El Ministerio de Salud palestino anunci\u00f3 que el ej\u00e9rcito de ocupaci\u00f3n israel\u00ed cometi\u00f3 4 masacres en la Franja de Gaza durante las \u00faltimas 24 horas, dejando 60 muertos y 140 heridos. La cifra total de v\u00edctimas durante 264 d\u00edas de agresi\u00f3n israel\u00ed contra Gaza aument\u00f3 a 37 mil .718 muertos &hellip;<\/p>\n","protected":false},"author":34,"featured_media":332514,"comment_status":"closed","ping_status":"closed","sticky":false,"template":"","format":"standard","meta":{"footnotes":""},"categories":[597,456,20724,583],"tags":[],"class_list":["post-332513","post","type-post","status-publish","format-standard","has-post-thumbnail","","category-cinta-de-noticias","category-arabe-internacional-politica","category-minuto-a-minuto","category-slide"],"_links":{"self":[{"href":"https:\/\/archive.sana.sy\/es\/index.php?rest_route=\/wp\/v2\/posts\/332513"}],"collection":[{"href":"https:\/\/archive.sana.sy\/es\/index.php?rest_route=\/wp\/v2\/posts"}],"about":[{"href":"https:\/\/archive.sana.sy\/es\/index.php?rest_route=\/wp\/v2\/types\/post"}],"author":[{"embeddable":true,"href":"https:\/\/archive.sana.sy\/es\/index.php?rest_route=\/wp\/v2\/users\/34"}],"replies":[{"embeddable":true,"href":"https:\/\/archive.sana.sy\/es\/index.php?rest_route=%2Fwp%2Fv2%2Fcomments&post=332513"}],"version-history":[{"count":1,"href":"https:\/\/archive.sana.sy\/es\/index.php?rest_route=\/wp\/v2\/posts\/332513\/revisions"}],"predecessor-version":[{"id":332515,"href":"https:\/\/archive.sana.sy\/es\/index.php?rest_route=\/wp\/v2\/posts\/332513\/revisions\/332515"}],"wp:featuredmedia":[{"embeddable":true,"href":"https:\/\/archive.sana.sy\/es\/index.php?rest_route=\/wp\/v2\/media\/332514"}],"wp:attachment":[{"href":"https:\/\/archive.sana.sy\/es\/index.php?rest_route=%2Fwp%2Fv2%2Fmedia&parent=332513"}],"wp:term":[{"taxonomy":"category","embeddable":true,"href":"https:\/\/archive.sana.sy\/es\/index.php?rest_route=%2Fwp%2Fv2%2Fcategories&post=332513"},{"taxonomy":"post_tag","embeddable":true,"href":"https:\/\/archive.sana.sy\/es\/index.php?rest_route=%2Fwp%2Fv2%2Ftags&post=332513"}],"curies":[{"name":"wp","href":"https:\/\/api.w.org\/{rel}","templated":true}]}}