{"id":332519,"date":"2024-06-26T18:27:43","date_gmt":"2024-06-26T15:27:43","guid":{"rendered":"https:\/\/sana.sy\/es\/?p=332519"},"modified":"2024-06-26T18:40:45","modified_gmt":"2024-06-26T15:40:45","slug":"siria-y-argelia-revisan-cooperacion-en-el-ambito-industrial","status":"publish","type":"post","link":"https:\/\/archive.sana.sy\/es\/?p=332519","title":{"rendered":"Siria y Argelia revisan cooperaci\u00f3n en el \u00e1mbito industrial"},"content":{"rendered":"<p style=\"text-align: justify\"><span style=\"color: #800000\"><strong>Damasco, 26 jun (SANA)<\/strong><\/span> El ministro de Industria, Abdul Kader Joukhadar, revis\u00f3 con el embajador de Argelia en Damasco, Kamal Bou Shama, las v\u00edas de fortalecer y desarrollar las relaciones de cooperaci\u00f3n entre Siria y Argelia en materia industrial.<\/p>\n<p style=\"text-align: justify\">Durante la reuni\u00f3n, ambas partes abordaron la cooperaci\u00f3n binacional en los sectores de la industria mec\u00e1nica, alimentaria y textil.<\/p>\n<p style=\"text-align: justify\">Destacaron la necesidad de activar el memorando de entendimiento firmado entre ambas partes en materia de metrolog\u00eda y estandarizaci\u00f3n, y de aprovechar las capacidades de las que disponen ambas naciones para mejorar la productividad.<\/p>\n<p style=\"text-align: justify\">Joukhadar hizo una panor\u00e1mica sobre las oportunidades de inversi\u00f3n en el pa\u00eds, \u00a0y valor\u00f3 por otro lado las firmes posiciones de Argelia en apoyo a Siria y su pueblo.<\/p>\n<p style=\"text-align: justify\">Por su parte, el embajador Bou Shama su confianza en la posibilidad de crear muchas oportunidades de cooperaci\u00f3n a trav\u00e9s de desarrollar visiones comunes y efectivas en todos los campos.<\/p>\n<p style=\"text-align: justify\">la<\/p>\n","protected":false},"excerpt":{"rendered":"<p>Damasco, 26 jun (SANA) El ministro de Industria, Abdul Kader Joukhadar, revis\u00f3 con el embajador de Argelia en Damasco, Kamal Bou Shama, las v\u00edas de fortalecer y desarrollar las relaciones de cooperaci\u00f3n entre Siria y Argelia en materia industrial. Durante la reuni\u00f3n, ambas partes abordaron la cooperaci\u00f3n binacional en los sectores de la industria mec\u00e1nica, &hellip;<\/p>\n","protected":false},"author":24,"featured_media":332520,"comment_status":"closed","ping_status":"closed","sticky":false,"template":"","format":"standard","meta":{"footnotes":""},"categories":[447,597,20724,476,448,7541],"tags":[],"class_list":["post-332519","post","type-post","status-publish","format-standard","has-post-thumbnail","","category-local-politica","category-cinta-de-noticias","category-minuto-a-minuto","category-locales","category-noticias","category-ultimas-noticias"],"_links":{"self":[{"href":"https:\/\/archive.sana.sy\/es\/index.php?rest_route=\/wp\/v2\/posts\/332519"}],"collection":[{"href":"https:\/\/archive.sana.sy\/es\/index.php?rest_route=\/wp\/v2\/posts"}],"about":[{"href":"https:\/\/archive.sana.sy\/es\/index.php?rest_route=\/wp\/v2\/types\/post"}],"author":[{"embeddable":true,"href":"https:\/\/archive.sana.sy\/es\/index.php?rest_route=\/wp\/v2\/users\/24"}],"replies":[{"embeddable":true,"href":"https:\/\/archive.sana.sy\/es\/index.php?rest_route=%2Fwp%2Fv2%2Fcomments&post=332519"}],"version-history":[{"count":7,"href":"https:\/\/archive.sana.sy\/es\/index.php?rest_route=\/wp\/v2\/posts\/332519\/revisions"}],"predecessor-version":[{"id":332527,"href":"https:\/\/archive.sana.sy\/es\/index.php?rest_route=\/wp\/v2\/posts\/332519\/revisions\/332527"}],"wp:featuredmedia":[{"embeddable":true,"href":"https:\/\/archive.sana.sy\/es\/index.php?rest_route=\/wp\/v2\/media\/332520"}],"wp:attachment":[{"href":"https:\/\/archive.sana.sy\/es\/index.php?rest_route=%2Fwp%2Fv2%2Fmedia&parent=332519"}],"wp:term":[{"taxonomy":"category","embeddable":true,"href":"https:\/\/archive.sana.sy\/es\/index.php?rest_route=%2Fwp%2Fv2%2Fcategories&post=332519"},{"taxonomy":"post_tag","embeddable":true,"href":"https:\/\/archive.sana.sy\/es\/index.php?rest_route=%2Fwp%2Fv2%2Ftags&post=332519"}],"curies":[{"name":"wp","href":"https:\/\/api.w.org\/{rel}","templated":true}]}}