{"id":332528,"date":"2024-06-26T19:03:10","date_gmt":"2024-06-26T16:03:10","guid":{"rendered":"https:\/\/sana.sy\/es\/?p=332528"},"modified":"2024-06-26T19:03:49","modified_gmt":"2024-06-26T16:03:49","slug":"resistencia-iraqui-ataca-con-drones-un-sitio-israeli-en-um-al-rashrash","status":"publish","type":"post","link":"https:\/\/archive.sana.sy\/es\/?p=332528","title":{"rendered":"Resistencia iraqu\u00ed ataca con drones un sitio israel\u00ed en Um al-Rashrash"},"content":{"rendered":"<p style=\"text-align: justify\"><span style=\"color: #800000\"><strong>Bagdad, 26 jun (SANA)<\/strong><\/span> La Resistencia Isl\u00e1mica en Irak anunci\u00f3 que sus combatientes atacaron con drones kamikaze un objetivo vital del enemigo israel\u00ed en Um al-Rashrash ocupada (Eilat).<\/p>\n<p style=\"text-align: justify\">En un comunicado, la Resistencia inform\u00f3 que esta operaci\u00f3n se llev\u00f3 a cabo en \u201capoyo a nuestro pueblo en Gaza y en respuesta a las masacres cometidas por la entidad usurpadora contra los civiles palestinos, incluidos ni\u00f1os, mujeres y ancianos\u201d.<\/p>\n<p style=\"text-align: justify\">\u00a0Afirm\u00f3 que continuar\u00e1 destruyendo las fortalezas del ocupante.<\/p>\n<p style=\"text-align: justify\">la<\/p>\n","protected":false},"excerpt":{"rendered":"<p>Bagdad, 26 jun (SANA) La Resistencia Isl\u00e1mica en Irak anunci\u00f3 que sus combatientes atacaron con drones kamikaze un objetivo vital del enemigo israel\u00ed en Um al-Rashrash ocupada (Eilat). En un comunicado, la Resistencia inform\u00f3 que esta operaci\u00f3n se llev\u00f3 a cabo en \u201capoyo a nuestro pueblo en Gaza y en respuesta a las masacres cometidas &hellip;<\/p>\n","protected":false},"author":24,"featured_media":332529,"comment_status":"closed","ping_status":"closed","sticky":false,"template":"","format":"standard","meta":{"footnotes":""},"categories":[597,456,20724,7541],"tags":[],"class_list":["post-332528","post","type-post","status-publish","format-standard","has-post-thumbnail","","category-cinta-de-noticias","category-arabe-internacional-politica","category-minuto-a-minuto","category-ultimas-noticias"],"_links":{"self":[{"href":"https:\/\/archive.sana.sy\/es\/index.php?rest_route=\/wp\/v2\/posts\/332528"}],"collection":[{"href":"https:\/\/archive.sana.sy\/es\/index.php?rest_route=\/wp\/v2\/posts"}],"about":[{"href":"https:\/\/archive.sana.sy\/es\/index.php?rest_route=\/wp\/v2\/types\/post"}],"author":[{"embeddable":true,"href":"https:\/\/archive.sana.sy\/es\/index.php?rest_route=\/wp\/v2\/users\/24"}],"replies":[{"embeddable":true,"href":"https:\/\/archive.sana.sy\/es\/index.php?rest_route=%2Fwp%2Fv2%2Fcomments&post=332528"}],"version-history":[{"count":2,"href":"https:\/\/archive.sana.sy\/es\/index.php?rest_route=\/wp\/v2\/posts\/332528\/revisions"}],"predecessor-version":[{"id":332531,"href":"https:\/\/archive.sana.sy\/es\/index.php?rest_route=\/wp\/v2\/posts\/332528\/revisions\/332531"}],"wp:featuredmedia":[{"embeddable":true,"href":"https:\/\/archive.sana.sy\/es\/index.php?rest_route=\/wp\/v2\/media\/332529"}],"wp:attachment":[{"href":"https:\/\/archive.sana.sy\/es\/index.php?rest_route=%2Fwp%2Fv2%2Fmedia&parent=332528"}],"wp:term":[{"taxonomy":"category","embeddable":true,"href":"https:\/\/archive.sana.sy\/es\/index.php?rest_route=%2Fwp%2Fv2%2Fcategories&post=332528"},{"taxonomy":"post_tag","embeddable":true,"href":"https:\/\/archive.sana.sy\/es\/index.php?rest_route=%2Fwp%2Fv2%2Ftags&post=332528"}],"curies":[{"name":"wp","href":"https:\/\/api.w.org\/{rel}","templated":true}]}}