{"id":332535,"date":"2024-06-26T20:16:11","date_gmt":"2024-06-26T17:16:11","guid":{"rendered":"https:\/\/sana.sy\/es\/?p=332535"},"modified":"2024-06-26T20:16:24","modified_gmt":"2024-06-26T17:16:24","slug":"presidente-al-assad-recibe-al-enviado-especial-del-presidente-ruso","status":"publish","type":"post","link":"https:\/\/archive.sana.sy\/es\/?p=332535","title":{"rendered":"Siria est\u00e1 abierta a todas las iniciativas sobre relaciones sirio-turcas, afirma Al-Assad"},"content":{"rendered":"<p style=\"text-align: justify\"><span style=\"color: #800000\"><strong>Damasco, 26 jun (SANA)<\/strong><\/span> El presidente sirio Bashar Al-Assad, recibi\u00f3 este mi\u00e9rcoles al enviado especial del presidente ruso, Alexander L\u00e1vrentiev.<\/p>\n<p style=\"text-align: justify\">Durante el encuentro, el mandatario manifest\u00f3 que Siria est\u00e1 abierta a todas las iniciativas sobre las relaciones sirio-turcas mientras se basan en el respeto a la soberan\u00eda del Estado sirio sobre todo su territorio y la lucha contra todas las formas del terrorismo y sus organizaciones.<\/p>\n<p style=\"text-align: justify\">Destac\u00f3 que tales iniciativas reflejan la voluntad de sus patrocinadores y su inter\u00e9s en lograr la estabilidad de Siria y de toda la regi\u00f3n.<\/p>\n<p style=\"text-align: justify\">El Gobernante puntualiz\u00f3 que Damasco siempre ha abordado de manera positiva y constructiva todas las iniciativas al respeto, y que el \u00e9xito de cualquier iniciativa depende en el respeto a la soberan\u00eda.<\/p>\n<p style=\"text-align: justify\">En otro contexto, Al-Assad elogi\u00f3 la iniciativa de paz entre Rusia y Ucrania propuesta recientemente por el presidente Vladimir Putin, y consider\u00f3 que la misma constituye una verdadera base para un acuerdo de paz entre los dos pa\u00edses.<\/p>\n<p style=\"text-align: justify\">El hecho de negar esta iniciativa por parte de Occidente y Ucrania significa que \u00e9stos asumen la responsabilidad absoluta de la sangre derramada, fustig\u00f3.<\/p>\n<p style=\"text-align: justify\">Por su parte, L\u00e1vrentiev reiter\u00f3 el apoyo de su pa\u00eds a todas las iniciativas que buscan normalizar las relaciones entre Siria y Turqu\u00eda.<\/p>\n<p style=\"text-align: justify\">Revel\u00f3 que las condiciones parecen actualmente m\u00e1s propicias que nunca para el \u00e9xito de las mediaciones, y reafirm\u00f3 la disposici\u00f3n de Mosc\u00fa a trabajar para impulsar las negociaciones, y de que el objetivo principal es conseguir normalizar las relaciones entre ambas naciones.<\/p>\n<div id='gallery-1' class='gallery galleryid-332535 gallery-columns-1 gallery-size-full'><figure class='gallery-item'>\n\t\t\t<div class='gallery-icon landscape'>\n\t\t\t\t<a href='https:\/\/archive.sana.sy\/es\/wp-content\/uploads\/2024\/06\/Presidente-Al-Assad.jpg'><img loading=\"lazy\" decoding=\"async\" width=\"1280\" height=\"853\" src=\"https:\/\/archive.sana.sy\/es\/wp-content\/uploads\/2024\/06\/Presidente-Al-Assad.jpg\" class=\"attachment-full size-full\" alt=\"\" srcset=\"https:\/\/archive.sana.sy\/es\/wp-content\/uploads\/2024\/06\/Presidente-Al-Assad.jpg 1280w, https:\/\/archive.sana.sy\/es\/wp-content\/uploads\/2024\/06\/Presidente-Al-Assad-300x200.jpg 300w, https:\/\/archive.sana.sy\/es\/wp-content\/uploads\/2024\/06\/Presidente-Al-Assad-1024x682.jpg 1024w, https:\/\/archive.sana.sy\/es\/wp-content\/uploads\/2024\/06\/Presidente-Al-Assad-150x100.jpg 150w, https:\/\/archive.sana.sy\/es\/wp-content\/uploads\/2024\/06\/Presidente-Al-Assad-768x512.jpg 768w\" sizes=\"(max-width: 1280px) 100vw, 1280px\" \/><\/a>\n\t\t\t<\/div><\/figure><figure class='gallery-item'>\n\t\t\t<div class='gallery-icon portrait'>\n\t\t\t\t<a href='https:\/\/archive.sana.sy\/es\/wp-content\/uploads\/2024\/06\/Presidente-al-Assad-recibe-al-enviado-especial-del-presidente-ruso-2.jpg'><img loading=\"lazy\" decoding=\"async\" width=\"660\" height=\"699\" src=\"https:\/\/archive.sana.sy\/es\/wp-content\/uploads\/2024\/06\/Presidente-al-Assad-recibe-al-enviado-especial-del-presidente-ruso-2.jpg\" class=\"attachment-full size-full\" alt=\"\" srcset=\"https:\/\/archive.sana.sy\/es\/wp-content\/uploads\/2024\/06\/Presidente-al-Assad-recibe-al-enviado-especial-del-presidente-ruso-2.jpg 660w, https:\/\/archive.sana.sy\/es\/wp-content\/uploads\/2024\/06\/Presidente-al-Assad-recibe-al-enviado-especial-del-presidente-ruso-2-283x300.jpg 283w, https:\/\/archive.sana.sy\/es\/wp-content\/uploads\/2024\/06\/Presidente-al-Assad-recibe-al-enviado-especial-del-presidente-ruso-2-142x150.jpg 142w\" sizes=\"(max-width: 660px) 100vw, 660px\" \/><\/a>\n\t\t\t<\/div><\/figure>\n\t\t<\/div>\n\n<p style=\"text-align: justify\">la\/fm<\/p>\n","protected":false},"excerpt":{"rendered":"<p>Damasco, 26 jun (SANA) El presidente sirio Bashar Al-Assad, recibi\u00f3 este mi\u00e9rcoles al enviado especial del presidente ruso, Alexander L\u00e1vrentiev. Durante el encuentro, el mandatario manifest\u00f3 que Siria est\u00e1 abierta a todas las iniciativas sobre las relaciones sirio-turcas mientras se basan en el respeto a la soberan\u00eda del Estado sirio sobre todo su territorio y &hellip;<\/p>\n","protected":false},"author":24,"featured_media":332536,"comment_status":"closed","ping_status":"closed","sticky":false,"template":"","format":"standard","meta":{"footnotes":""},"categories":[597,583],"tags":[],"class_list":["post-332535","post","type-post","status-publish","format-standard","has-post-thumbnail","","category-cinta-de-noticias","category-slide"],"_links":{"self":[{"href":"https:\/\/archive.sana.sy\/es\/index.php?rest_route=\/wp\/v2\/posts\/332535"}],"collection":[{"href":"https:\/\/archive.sana.sy\/es\/index.php?rest_route=\/wp\/v2\/posts"}],"about":[{"href":"https:\/\/archive.sana.sy\/es\/index.php?rest_route=\/wp\/v2\/types\/post"}],"author":[{"embeddable":true,"href":"https:\/\/archive.sana.sy\/es\/index.php?rest_route=\/wp\/v2\/users\/24"}],"replies":[{"embeddable":true,"href":"https:\/\/archive.sana.sy\/es\/index.php?rest_route=%2Fwp%2Fv2%2Fcomments&post=332535"}],"version-history":[{"count":6,"href":"https:\/\/archive.sana.sy\/es\/index.php?rest_route=\/wp\/v2\/posts\/332535\/revisions"}],"predecessor-version":[{"id":332547,"href":"https:\/\/archive.sana.sy\/es\/index.php?rest_route=\/wp\/v2\/posts\/332535\/revisions\/332547"}],"wp:featuredmedia":[{"embeddable":true,"href":"https:\/\/archive.sana.sy\/es\/index.php?rest_route=\/wp\/v2\/media\/332536"}],"wp:attachment":[{"href":"https:\/\/archive.sana.sy\/es\/index.php?rest_route=%2Fwp%2Fv2%2Fmedia&parent=332535"}],"wp:term":[{"taxonomy":"category","embeddable":true,"href":"https:\/\/archive.sana.sy\/es\/index.php?rest_route=%2Fwp%2Fv2%2Fcategories&post=332535"},{"taxonomy":"post_tag","embeddable":true,"href":"https:\/\/archive.sana.sy\/es\/index.php?rest_route=%2Fwp%2Fv2%2Ftags&post=332535"}],"curies":[{"name":"wp","href":"https:\/\/api.w.org\/{rel}","templated":true}]}}