{"id":332540,"date":"2024-06-26T20:05:28","date_gmt":"2024-06-26T17:05:28","guid":{"rendered":"https:\/\/sana.sy\/es\/?p=332540"},"modified":"2024-06-26T20:13:08","modified_gmt":"2024-06-26T17:13:08","slug":"50-companias-sirias-y-extranjeras-participan-en-exposicion-syria-plast-2024","status":"publish","type":"post","link":"https:\/\/archive.sana.sy\/es\/?p=332540","title":{"rendered":"50 compa\u00f1\u00edas sirias y extranjeras participan en exposici\u00f3n Syria Plast 2024"},"content":{"rendered":"<p><span style=\"color: #800000\"><strong>Damasco, 26 jun (SANA)<\/strong> <\/span>Se inaugur\u00f3 esta tarde a la Exposici\u00f3n Internacional para Industrias Pl\u00e1sticas \u201cSyria Plast 2024\u201d en la nueva ciudad ferial de Damasco.<\/p>\n<p>La feria cuenta con la participaci\u00f3n de 50 empresas locales, \u00e1rabes y extranjeras y durar\u00e1 cuatro d\u00edas.<\/p>\n<div id='gallery-1' class='gallery galleryid-332540 gallery-columns-1 gallery-size-full'><figure class='gallery-item'>\n\t\t\t<div class='gallery-icon landscape'>\n\t\t\t\t<a href='https:\/\/archive.sana.sy\/es\/wp-content\/uploads\/2024\/06\/Syria-plast-1.jpg'><img loading=\"lazy\" decoding=\"async\" width=\"1280\" height=\"605\" src=\"https:\/\/archive.sana.sy\/es\/wp-content\/uploads\/2024\/06\/Syria-plast-1.jpg\" class=\"attachment-full size-full\" alt=\"\" srcset=\"https:\/\/archive.sana.sy\/es\/wp-content\/uploads\/2024\/06\/Syria-plast-1.jpg 1280w, https:\/\/archive.sana.sy\/es\/wp-content\/uploads\/2024\/06\/Syria-plast-1-300x142.jpg 300w, https:\/\/archive.sana.sy\/es\/wp-content\/uploads\/2024\/06\/Syria-plast-1-1024x484.jpg 1024w, https:\/\/archive.sana.sy\/es\/wp-content\/uploads\/2024\/06\/Syria-plast-1-150x71.jpg 150w, https:\/\/archive.sana.sy\/es\/wp-content\/uploads\/2024\/06\/Syria-plast-1-768x363.jpg 768w\" sizes=\"(max-width: 1280px) 100vw, 1280px\" \/><\/a>\n\t\t\t<\/div><\/figure><figure class='gallery-item'>\n\t\t\t<div class='gallery-icon landscape'>\n\t\t\t\t<a href='https:\/\/archive.sana.sy\/es\/wp-content\/uploads\/2024\/06\/Syria-plast-2.jpg'><img loading=\"lazy\" decoding=\"async\" width=\"1280\" height=\"635\" src=\"https:\/\/archive.sana.sy\/es\/wp-content\/uploads\/2024\/06\/Syria-plast-2.jpg\" class=\"attachment-full size-full\" alt=\"\" srcset=\"https:\/\/archive.sana.sy\/es\/wp-content\/uploads\/2024\/06\/Syria-plast-2.jpg 1280w, https:\/\/archive.sana.sy\/es\/wp-content\/uploads\/2024\/06\/Syria-plast-2-300x149.jpg 300w, https:\/\/archive.sana.sy\/es\/wp-content\/uploads\/2024\/06\/Syria-plast-2-1024x508.jpg 1024w, https:\/\/archive.sana.sy\/es\/wp-content\/uploads\/2024\/06\/Syria-plast-2-150x74.jpg 150w, https:\/\/archive.sana.sy\/es\/wp-content\/uploads\/2024\/06\/Syria-plast-2-768x381.jpg 768w\" sizes=\"(max-width: 1280px) 100vw, 1280px\" \/><\/a>\n\t\t\t<\/div><\/figure>\n\t\t<\/div>\n\n","protected":false},"excerpt":{"rendered":"<p>Damasco, 26 jun (SANA) Se inaugur\u00f3 esta tarde a la Exposici\u00f3n Internacional para Industrias Pl\u00e1sticas \u201cSyria Plast 2024\u201d en la nueva ciudad ferial de Damasco. La feria cuenta con la participaci\u00f3n de 50 empresas locales, \u00e1rabes y extranjeras y durar\u00e1 cuatro d\u00edas.<\/p>\n","protected":false},"author":24,"featured_media":332541,"comment_status":"closed","ping_status":"closed","sticky":false,"template":"","format":"standard","meta":{"footnotes":""},"categories":[447,597,20724,476,448],"tags":[],"class_list":["post-332540","post","type-post","status-publish","format-standard","has-post-thumbnail","","category-local-politica","category-cinta-de-noticias","category-minuto-a-minuto","category-locales","category-noticias"],"_links":{"self":[{"href":"https:\/\/archive.sana.sy\/es\/index.php?rest_route=\/wp\/v2\/posts\/332540"}],"collection":[{"href":"https:\/\/archive.sana.sy\/es\/index.php?rest_route=\/wp\/v2\/posts"}],"about":[{"href":"https:\/\/archive.sana.sy\/es\/index.php?rest_route=\/wp\/v2\/types\/post"}],"author":[{"embeddable":true,"href":"https:\/\/archive.sana.sy\/es\/index.php?rest_route=\/wp\/v2\/users\/24"}],"replies":[{"embeddable":true,"href":"https:\/\/archive.sana.sy\/es\/index.php?rest_route=%2Fwp%2Fv2%2Fcomments&post=332540"}],"version-history":[{"count":2,"href":"https:\/\/archive.sana.sy\/es\/index.php?rest_route=\/wp\/v2\/posts\/332540\/revisions"}],"predecessor-version":[{"id":332550,"href":"https:\/\/archive.sana.sy\/es\/index.php?rest_route=\/wp\/v2\/posts\/332540\/revisions\/332550"}],"wp:featuredmedia":[{"embeddable":true,"href":"https:\/\/archive.sana.sy\/es\/index.php?rest_route=\/wp\/v2\/media\/332541"}],"wp:attachment":[{"href":"https:\/\/archive.sana.sy\/es\/index.php?rest_route=%2Fwp%2Fv2%2Fmedia&parent=332540"}],"wp:term":[{"taxonomy":"category","embeddable":true,"href":"https:\/\/archive.sana.sy\/es\/index.php?rest_route=%2Fwp%2Fv2%2Fcategories&post=332540"},{"taxonomy":"post_tag","embeddable":true,"href":"https:\/\/archive.sana.sy\/es\/index.php?rest_route=%2Fwp%2Fv2%2Ftags&post=332540"}],"curies":[{"name":"wp","href":"https:\/\/api.w.org\/{rel}","templated":true}]}}